{"id":7456,"date":"2024-11-12T01:37:14","date_gmt":"2024-11-12T01:37:14","guid":{"rendered":"https:\/\/krankenhauspfarramt.de\/index.php\/2024\/11\/12\/konkrete-schritte-gegen-sexualisierte-gewalt-ekd\/"},"modified":"2024-11-12T01:37:16","modified_gmt":"2024-11-12T01:37:16","slug":"konkrete-schritte-gegen-sexualisierte-gewalt-ekd","status":"publish","type":"post","link":"https:\/\/krankenhauspfarramt.de\/index.php\/2024\/11\/12\/konkrete-schritte-gegen-sexualisierte-gewalt-ekd\/","title":{"rendered":"Konkrete Schritte gegen Sexualisierte Gewalt \u2013 EKD"},"content":{"rendered":"<p> <br \/>\n<\/p>\n<div>\n<p>\u201eDie Forum-Aufarbeitungsstudie hat uns zu Beginn des Jahres drastisch vor Augen gef\u00fchrt, dass wir bei Aufarbeitung und Pr\u00e4vention noch lange nicht an dem Punkt angekommen sind, den wir uns erhofft hatten\u201c, so Pr\u00e4ses Anna-Nicole Heinrich. &#8222;Umso dankbarer bin ich, dass es gelungen ist, die 46 Empfehlungen in konkrete Ma\u00dfnahmen zu \u00fcbersetzen. In der evangelischen Kirche und Diakonie sind nun alle gefordert, konsequent an der Umsetzung mitzuwirken. Mit aller Energie und ohne Wenn und Aber\u201c, so Heinrich.<\/p>\n<p>Die Sprecherin der kirchlichen Beauftragten im Beteiligungsforum, Dorothee W\u00fcst, geht davon aus, dass keine grunds\u00e4tzlichen \u00c4nderungen mehr vorgenommen werden. \u201eIn den Grundz\u00fcgen wird das kommen\u201c, sagte sie. Die pf\u00e4lzische Kirchenpr\u00e4sidentin hob hervor, dass es auch darum gehe, die bislang unterschiedlich praktizierten Anerkennungsverfahren zu vereinheitlichen. Oberstes Ziel sei gewesen, zu einheitlichen Verfahren und Standards zu kommen, sagte sie.<\/p>\n<h2>Individuelle Zahlungen<\/h2>\n<p>Die Evangelische Kirche in Deutschland (EKD) will Betroffenen strafbarer F\u00e4lle von sexualisierter Gewalt mindestens 15.000 Euro zahlen. Das Beteiligungsforum pr\u00e4sentierte den Synodalen ein Modell f\u00fcr die sogenannten Anerkennungsleistungen. Es werde ein \u201eKombimodell\u201c aus einer individuellen und einer pauschalen Leistung geben, sagte Detlev Zander, Sprecher der Betroffenenvertretung im Beteiligungsforum.<\/p>\n<p>Als pauschale Leistung sollen als im Falle strafbarer Taten 15.000 Euro gezahlt werden. F\u00fcr Betroffene sei diese Summe die \u201eabsolute Untergrenze\u201c, sagte Zander. Er bezeichnete den Betrag als \u201ehart errungenen Kompromiss\u201c. Er betonte, die zus\u00e4tzliche individuelle Leistung werde \u201eeinen ganz entscheidenden Beitrag\u201c dazu leisten, \u201edass Betroffene nicht als pauschal abzugeltender Fall gesehen werden\u201c. Anhaltspunkte f\u00fcr diese Zahlungen bildeten Entscheidungen deutscher Zivilgerichte. Eine Obergrenze f\u00fcr diese Zahlungen soll es nicht geben. Mit einer endg\u00fcltigen Fassung der Anerkennungsrichtlinie wird im M\u00e4rz 2025 gerechnet.<\/p>\n<p>\u201eAnerkennung ist keine reine Frage des Geldes\u201c, betont Zander. \u201eSie steht f\u00fcr eine Haltung, die die Kirche nach au\u00dfen zeigen sollte und auch muss. Anerkennung zeigt sich auch darin, ob die Kirche den Mut hat, neue Wege zu bestreiten.\u201c<\/p>\n<p>Beschlie\u00dfen will die Synode bei ihrer Tagung in W\u00fcrzburg auch andere Ma\u00dfnahmen, die Konsequenzen aus der im Januar vorgestellten Studie \u00fcber das Ausma\u00df sexualisierter Gewalt in der evangelischen Kirche und der Diakonie ziehen sollen. Dazu geh\u00f6rt, ein Recht auf Aufarbeitung f\u00fcr Betroffene sexualisierter Gewalt kirchenrechtlich zu verankern.<\/p>\n<\/p><\/div>\n","protected":false},"excerpt":{"rendered":"<p>\u201eDie Forum-Aufarbeitungsstudie hat uns zu Beginn des Jahres drastisch vor Augen gef\u00fchrt, dass wir bei Aufarbeitung und Pr\u00e4vention noch lange<\/p>\n","protected":false},"author":2,"featured_media":7457,"comment_status":"closed","ping_status":"closed","sticky":false,"template":"","format":"standard","meta":{"footnotes":""},"categories":[20],"tags":[],"_links":{"self":[{"href":"https:\/\/krankenhauspfarramt.de\/index.php\/wp-json\/wp\/v2\/posts\/7456"}],"collection":[{"href":"https:\/\/krankenhauspfarramt.de\/index.php\/wp-json\/wp\/v2\/posts"}],"about":[{"href":"https:\/\/krankenhauspfarramt.de\/index.php\/wp-json\/wp\/v2\/types\/post"}],"author":[{"embeddable":true,"href":"https:\/\/krankenhauspfarramt.de\/index.php\/wp-json\/wp\/v2\/users\/2"}],"replies":[{"embeddable":true,"href":"https:\/\/krankenhauspfarramt.de\/index.php\/wp-json\/wp\/v2\/comments?post=7456"}],"version-history":[{"count":1,"href":"https:\/\/krankenhauspfarramt.de\/index.php\/wp-json\/wp\/v2\/posts\/7456\/revisions"}],"predecessor-version":[{"id":7458,"href":"https:\/\/krankenhauspfarramt.de\/index.php\/wp-json\/wp\/v2\/posts\/7456\/revisions\/7458"}],"wp:featuredmedia":[{"embeddable":true,"href":"https:\/\/krankenhauspfarramt.de\/index.php\/wp-json\/wp\/v2\/media\/7457"}],"wp:attachment":[{"href":"https:\/\/krankenhauspfarramt.de\/index.php\/wp-json\/wp\/v2\/media?parent=7456"}],"wp:term":[{"taxonomy":"category","embeddable":true,"href":"https:\/\/krankenhauspfarramt.de\/index.php\/wp-json\/wp\/v2\/categories?post=7456"},{"taxonomy":"post_tag","embeddable":true,"href":"https:\/\/krankenhauspfarramt.de\/index.php\/wp-json\/wp\/v2\/tags?post=7456"}],"curies":[{"name":"wp","href":"https:\/\/api.w.org\/{rel}","templated":true}]}}