{"id":7459,"date":"2024-11-12T03:28:47","date_gmt":"2024-11-12T03:28:47","guid":{"rendered":"https:\/\/krankenhauspfarramt.de\/index.php\/2024\/11\/12\/massnahmenplan-nimmt-forum-empfehlungen-auf-ekd\/"},"modified":"2024-11-12T03:28:48","modified_gmt":"2024-11-12T03:28:48","slug":"massnahmenplan-nimmt-forum-empfehlungen-auf-ekd","status":"publish","type":"post","link":"https:\/\/krankenhauspfarramt.de\/index.php\/2024\/11\/12\/massnahmenplan-nimmt-forum-empfehlungen-auf-ekd\/","title":{"rendered":"Ma\u00dfnahmenplan nimmt ForuM-Empfehlungen auf \u2013 EKD"},"content":{"rendered":"<p> <br \/>\n<\/p>\n<div id=\"\">\n<div class=\"article--meta article--meta__border clearfix\">\n<p>                                    <time datetime=\"11.11.2024 17:00\" class=\"article--time\">11.11.2024<\/time><\/p>\n<p>                                     <strong class=\"article--type primus--overline\">Pressemitteilung<\/strong><\/p>\n<picture class=\"article--source-image image\"><source srcset=\"https:\/\/www.ekd.de\/ekd_de\/ds_img\/assets\/20170622_ekd-Quellenlogo_141_rdax_423x118.png\"><!--<source srcset=\"\/ekd_de\/ds_img\/assets\/20170622_ekd-Quellenlogo_141_rdax_141x39.png 1x, \/ekd_de\/ds_img\/assets\/20170622_ekd-Quellenlogo_141_rdax_282x78.png 2x, https:\/\/www.ekd.de\/ekd_de\/ds_img\/assets\/20170622_ekd-Quellenlogo_141_rdax_423x118.png 3x\">--><\/p>\n<p>    <\/source><\/picture>\n<\/p><\/div>\n<h2 class=\"article--sub-headline primus--sub-headline\">Pr\u00e4ses Heinrich: Ma\u00dfnahmen in der Evangelischen Kirche mit aller Energie und ohne Wenn und Aber umsetzen<\/h2>\n<\/p><\/div>\n<div id=\"\">\n<p>Das Beteiligungsforum Sexualisierte Gewalt hat heute in seinem Bericht vor der Synode der Evangelischen Kirche in Deutschland (EKD) den ForuM-Ma\u00dfnahmenplan vorgestellt. Er nimmt alle 46 Empfehlungen der im Fr\u00fchjahr ver\u00f6ffentlichten Aufarbeitungsstudie ForuM auf und \u00fcbersetzt sie in zw\u00f6lf konkrete Ma\u00dfnahmen.<\/p>\n<p>Eine der Ma\u00dfnahmen ist die \u00dcberarbeitung der Gewaltschutzrichtlinie der EKD, die die einheitlichen Standards f\u00fcr Pr\u00e4vention, Intervention und Unterst\u00fctzung gew\u00e4hrleisten soll. Die Schaffung einer Ombudsstelle soll eine bessere und unabh\u00e4ngige Unterst\u00fctzung von Betroffenen erm\u00f6glichen. Ein weiterer zentraler Punkt ist eine tiefgehende Sensibilisierung in der Breite von Kirche und Diakonie. Der ForuM-Ma\u00dfnahmenplan soll am Mittwoch von der Synode beschlossen werden.<\/p>\n<p>\u201eDie Forum-Aufarbeitungsstudie hat uns zu Beginn des Jahres drastisch vor Augen gef\u00fchrt, dass wir bei Aufarbeitung und Pr\u00e4vention noch lange nicht an dem Punkt angekommen sind, den wir uns erhofft hatten\u201c, so Pr\u00e4ses Anna-Nicole Heinrich. Umso dankbarer bin ich, dass es gelungen ist, die 46 Empfehlungen in konkrete Ma\u00dfnahmen zu \u00fcbersetzen. In der evangelischen Kirche und Diakonie sind nun alle gefordert konsequent an der Umsetzung mitzuwirken. Mit aller Energie und ohne Wenn und Aber\u201c, so Heinrich.<\/p>\n<p>Die ForuM-Empfehlungen wurden vom Beteiligungsforum, gemeinsam von betroffenen Menschen und kirchlichen Vertreter:innen erarbeitet. Der dort entwickelte Entwurf ging zur Bearbeitung an den Rat und die Kirchenkonferenz. Beteiligt war au\u00dferdem die Konferenz f\u00fcr Pr\u00e4vention, Intervention und Hilfe (PIH-K), die die Kompetenz der Fachstellen f\u00fcr sexualisierte Gewalt der Landeskirchen und Diakonie in den Prozess eingebracht hat.<\/p>\n<p>Au\u00dferdem stellte das Beteiligungsforum in seinem Bericht die Vernetzungsplattform BeNe vor, die im Oktober online gegangen ist. In den Foren des\u00a0Betroffenen-Netzwerks \u201eBeNe\u201c\u00a0k\u00f6nnen sich Menschen, die sexualisierte Gewalt erfahren haben, in sicherem Rahmen austauschen und sich vernetzen.<\/p>\n<p>Auch eine Reform des Disziplinarrechts wurde der Synode zur Beschlussfassung vorgelegt. Mit den \u00c4nderungen werden die Rechte von Betroffenen in Disziplinarverfahren gest\u00e4rkt. Sie bekommen Akteneinsicht, ein Informationsrecht und k\u00f6nnen sich von bis zu drei Personen im Verfahren begleiten lassen.<\/p>\n<p>W\u00fcrzburg, 11. November 2024<\/p>\n<p>Pressestelle der EKD<br \/>Carsten Splitt<\/p>\n<p>\u00a0<\/p>\n<p>\u00a0<\/p>\n<\/div>\n<div id=\"\">\n    <!-- Test for teaser --><br \/>\n    <!--Val: 1 --><\/p>\n<p>                    \t    <!-- SRC:  --><\/p>\n<aside class=\"article--aside quintus teaser teaser__related rs_skip rs_preserve\">\n<div class=\"teaser--article teaser--content\">\n<figure class=\"teaser--image\">\n                                                    <picture><source media=\"(max-width:935px)\" srcset=\"https:\/\/www.ekd.de\/ekd_de\/ds_img\/assets_1875_x\/20170612_shutterstock.comWAYHOME%20studio_Missbrauch-themenseite_1875_rdax_625x352_60p.jpg 1x, https:\/\/www.ekd.de\/ekd_de\/ds_img\/assets_1875_x\/20170612_shutterstock.comWAYHOME%20studio_Missbrauch-themenseite_1875_rdax_1250x704_60p.jpg 2x, https:\/\/www.ekd.de\/ekd_de\/ds_img\/assets_1875_x\/20170612_shutterstock.comWAYHOME%20studio_Missbrauch-themenseite_1875_rdax_60p.jpg 3x\"><source media=\"(min-width:934px)\" srcset=\"https:\/\/www.ekd.de\/ekd_de\/ds_img\/assets_1875_x\/20170612_shutterstock.comWAYHOME%20studio_Missbrauch-themenseite_1875_rdax_360x203_70p.jpg 1x, https:\/\/www.ekd.de\/ekd_de\/ds_img\/assets_1875_x\/20170612_shutterstock.comWAYHOME%20studio_Missbrauch-themenseite_1875_rdax_720x406_70p.jpg 2x, https:\/\/www.ekd.de\/ekd_de\/ds_img\/assets_1875_x\/20170612_shutterstock.comWAYHOME%20studio_Missbrauch-themenseite_1875_rdax_1080x608_70p.jpg 3x\"><img decoding=\"async\" src=\"https:\/\/www.ekd.de\/ekd_de\/ds_img\/assets_1875_x\/20170612_shutterstock.comWAYHOME%20studio_Missbrauch-themenseite_1875_rdax_625x352_60p.jpg\" alt=\"Eine Frau hebt die Hand als Stop-Zeichen.\"\/><br \/>\n                                                    <\/source><\/source><\/picture><figcaption\/>\n                                                <\/figure>\n<p class=\"quintus--text teaser--text\">Die evangelischen Landeskirchen sind sich ihrer Verantwortung bewusst, wirksame Ma\u00dfnahmen zur Pr\u00e4vention und Intervention bei sexualisierter Gewalt durch kirchliche Mitarbeiterinnen und Mitarbeiter zu ergreifen.<\/p>\n<\/p><\/div>\n<\/aside>\n<div class=\"article--content\">\n<p><em>\u00dcber die Synode der EKD: Die Synode der EKD ist neben Rat und Kirchenkonferenz eines der drei Leitungsorgane der EKD. Sie tagt vom 10. bis 13. November in W\u00fcrzburg. Nach der Grundordnung der EKD besteht die 13. Synode aus 128 Mitgliedern. Zu den Aufgaben der Synode z\u00e4hlen die Erarbeitung von Kundgebungen und Beschl\u00fcssen zu Fragen der Zeit sowie die Begleitung der Arbeit des Rates der EKD durch Richtlinien. Die Synode ber\u00e4t und beschlie\u00dft aber auch den Haushalt und die Kirchengesetze. Geleitet wird die Synode vom Pr\u00e4sidium unter dem Vorsitz von Pr\u00e4ses Anna-Nicole Heinrich. Sie ist zugleich Mitglied des 15-k\u00f6pfigen Rates der EKD. Amtierende Vorsitzende des Rates der EKD ist Kirsten Fehrs. Die EKD ist die Gemeinschaft von 20 lutherischen, reformierten und unierten Landeskirchen. 18,6 Millionen evangelische Christinnen und Christen in Deutschland geh\u00f6ren zu einer der 12.500 Kirchengemeinden.<\/em><\/p>\n<\/p><\/div>\n<\/div>\n","protected":false},"excerpt":{"rendered":"<p>11.11.2024 Pressemitteilung Pr\u00e4ses Heinrich: Ma\u00dfnahmen in der Evangelischen Kirche mit aller Energie und ohne Wenn und Aber umsetzen Das Beteiligungsforum<\/p>\n","protected":false},"author":2,"featured_media":7414,"comment_status":"closed","ping_status":"closed","sticky":false,"template":"","format":"standard","meta":{"footnotes":""},"categories":[20],"tags":[],"_links":{"self":[{"href":"https:\/\/krankenhauspfarramt.de\/index.php\/wp-json\/wp\/v2\/posts\/7459"}],"collection":[{"href":"https:\/\/krankenhauspfarramt.de\/index.php\/wp-json\/wp\/v2\/posts"}],"about":[{"href":"https:\/\/krankenhauspfarramt.de\/index.php\/wp-json\/wp\/v2\/types\/post"}],"author":[{"embeddable":true,"href":"https:\/\/krankenhauspfarramt.de\/index.php\/wp-json\/wp\/v2\/users\/2"}],"replies":[{"embeddable":true,"href":"https:\/\/krankenhauspfarramt.de\/index.php\/wp-json\/wp\/v2\/comments?post=7459"}],"version-history":[{"count":1,"href":"https:\/\/krankenhauspfarramt.de\/index.php\/wp-json\/wp\/v2\/posts\/7459\/revisions"}],"predecessor-version":[{"id":7460,"href":"https:\/\/krankenhauspfarramt.de\/index.php\/wp-json\/wp\/v2\/posts\/7459\/revisions\/7460"}],"wp:featuredmedia":[{"embeddable":true,"href":"https:\/\/krankenhauspfarramt.de\/index.php\/wp-json\/wp\/v2\/media\/7414"}],"wp:attachment":[{"href":"https:\/\/krankenhauspfarramt.de\/index.php\/wp-json\/wp\/v2\/media?parent=7459"}],"wp:term":[{"taxonomy":"category","embeddable":true,"href":"https:\/\/krankenhauspfarramt.de\/index.php\/wp-json\/wp\/v2\/categories?post=7459"},{"taxonomy":"post_tag","embeddable":true,"href":"https:\/\/krankenhauspfarramt.de\/index.php\/wp-json\/wp\/v2\/tags?post=7459"}],"curies":[{"name":"wp","href":"https:\/\/api.w.org\/{rel}","templated":true}]}}