{"id":7464,"date":"2024-11-12T13:59:21","date_gmt":"2024-11-12T13:59:21","guid":{"rendered":"https:\/\/krankenhauspfarramt.de\/index.php\/2024\/11\/12\/fuer-das-individuelle-recht-auf-asyl-ekd\/"},"modified":"2024-11-12T13:59:23","modified_gmt":"2024-11-12T13:59:23","slug":"fuer-das-individuelle-recht-auf-asyl-ekd","status":"publish","type":"post","link":"https:\/\/krankenhauspfarramt.de\/index.php\/2024\/11\/12\/fuer-das-individuelle-recht-auf-asyl-ekd\/","title":{"rendered":"F\u00fcr das individuelle Recht auf Asyl \u2013 EKD"},"content":{"rendered":"<p> <br \/>\n<\/p>\n<div>\n<p>Die Synode der EKD besch\u00e4ftigt sich in diesem Jahr w\u00e4hrend ihrer viert\u00e4gigen Beratungen mit dem Schwerpunktthema \u201eMigration, Flucht und Menschenrechte\u201c. Bendel, die von 2015 bis 2020 Vorsitzende des Wissenschaftlichen Beirats des Bundesamtes f\u00fcr Migration und Integration war, sagte, wer das Grundgesetz, das EU- und das V\u00f6lkerrecht ernst nehme, m\u00fcsse an anderen Stellen ansetzen. So sei es wichtig, die europ\u00e4ischen Erstaufnahmestaaten besser zu unterst\u00fctzen und f\u00fcr z\u00fcgige, aber faire Verfahren zu sorgen.<\/p>\n<p>In der derzeitig einseitig sicherheitspolitisch gepr\u00e4gten Debatte m\u00fcsse man mit den Fakten argumentieren, sagte sie. So befinde sich die Zahl der Asylsuchenden in Deutschland derzeit nicht auf einem H\u00f6chststand, wie oft behauptet werde.<\/p>\n<p>Wer verhindern wolle, dass Zuwanderung von Rechtsextremisten instrumentalisiert werde, m\u00fcsse verdeutlichen, dass die gesch\u00fcrten \u00c4ngste nichts mit Migration zu tun h\u00e4tten. Probleme gebe es beim Wohnungsbau, in der Gesundheitsversorgung, auf dem Arbeitsmarkt und beim Zugang zu Bildung f\u00fcr alle.<\/p>\n<p>Zuletzt appellierte Bendel, das Asylrecht sei erwachsen aus der Verfolgung und Ermordung von J\u00fcdinnen und Juden sowie anderer Minderheiten w\u00e4hrend des Nationalsozialismus. Aus dieser Erfahrung heraus sei das Asylrecht gerade in Deutschland bewahrungs- und sch\u00fctzenswert.<\/p>\n<\/p><\/div>\n","protected":false},"excerpt":{"rendered":"<p>Die Synode der EKD besch\u00e4ftigt sich in diesem Jahr w\u00e4hrend ihrer viert\u00e4gigen Beratungen mit dem Schwerpunktthema \u201eMigration, Flucht und Menschenrechte\u201c.<\/p>\n","protected":false},"author":2,"featured_media":7465,"comment_status":"closed","ping_status":"closed","sticky":false,"template":"","format":"standard","meta":{"footnotes":""},"categories":[20],"tags":[],"_links":{"self":[{"href":"https:\/\/krankenhauspfarramt.de\/index.php\/wp-json\/wp\/v2\/posts\/7464"}],"collection":[{"href":"https:\/\/krankenhauspfarramt.de\/index.php\/wp-json\/wp\/v2\/posts"}],"about":[{"href":"https:\/\/krankenhauspfarramt.de\/index.php\/wp-json\/wp\/v2\/types\/post"}],"author":[{"embeddable":true,"href":"https:\/\/krankenhauspfarramt.de\/index.php\/wp-json\/wp\/v2\/users\/2"}],"replies":[{"embeddable":true,"href":"https:\/\/krankenhauspfarramt.de\/index.php\/wp-json\/wp\/v2\/comments?post=7464"}],"version-history":[{"count":1,"href":"https:\/\/krankenhauspfarramt.de\/index.php\/wp-json\/wp\/v2\/posts\/7464\/revisions"}],"predecessor-version":[{"id":7466,"href":"https:\/\/krankenhauspfarramt.de\/index.php\/wp-json\/wp\/v2\/posts\/7464\/revisions\/7466"}],"wp:featuredmedia":[{"embeddable":true,"href":"https:\/\/krankenhauspfarramt.de\/index.php\/wp-json\/wp\/v2\/media\/7465"}],"wp:attachment":[{"href":"https:\/\/krankenhauspfarramt.de\/index.php\/wp-json\/wp\/v2\/media?parent=7464"}],"wp:term":[{"taxonomy":"category","embeddable":true,"href":"https:\/\/krankenhauspfarramt.de\/index.php\/wp-json\/wp\/v2\/categories?post=7464"},{"taxonomy":"post_tag","embeddable":true,"href":"https:\/\/krankenhauspfarramt.de\/index.php\/wp-json\/wp\/v2\/tags?post=7464"}],"curies":[{"name":"wp","href":"https:\/\/api.w.org\/{rel}","templated":true}]}}