{"id":7467,"date":"2024-11-12T15:50:38","date_gmt":"2024-11-12T15:50:38","guid":{"rendered":"https:\/\/krankenhauspfarramt.de\/index.php\/2024\/11\/12\/tobias-bilz-ist-stellvertretender-ekd-ratsvorsitzender-ekd\/"},"modified":"2024-11-12T15:50:39","modified_gmt":"2024-11-12T15:50:39","slug":"tobias-bilz-ist-stellvertretender-ekd-ratsvorsitzender-ekd","status":"publish","type":"post","link":"https:\/\/krankenhauspfarramt.de\/index.php\/2024\/11\/12\/tobias-bilz-ist-stellvertretender-ekd-ratsvorsitzender-ekd\/","title":{"rendered":"Tobias Bilz ist stellvertretender EKD-Ratsvorsitzender \u2013 EKD"},"content":{"rendered":"<p> <br \/>\n<\/p>\n<div id=\"\">\n<div class=\"article--meta article--meta__border clearfix\">\n<p>                                    <time datetime=\"12.11.2024 15:00\" class=\"article--time\">12.11.2024<\/time><\/p>\n<p>                                     <strong class=\"article--type primus--overline\">Pressemitteilung<\/strong><\/p>\n<picture class=\"article--source-image image\"><source srcset=\"https:\/\/www.ekd.de\/ekd_de\/ds_img\/assets\/20170622_ekd-Quellenlogo_141_rdax_423x118.png\"><!--<source srcset=\"\/ekd_de\/ds_img\/assets\/20170622_ekd-Quellenlogo_141_rdax_141x39.png 1x, \/ekd_de\/ds_img\/assets\/20170622_ekd-Quellenlogo_141_rdax_282x78.png 2x, https:\/\/www.ekd.de\/ekd_de\/ds_img\/assets\/20170622_ekd-Quellenlogo_141_rdax_423x118.png 3x\">--><\/p>\n<p>    <\/source><\/picture>\n<\/p><\/div>\n<h2 class=\"article--sub-headline primus--sub-headline\">S\u00e4chsischer Landesbischof zum Vertreter von Bisch\u00f6fin Kirsten Fehrs gew\u00e4hlt<\/h2>\n<\/p><\/div>\n<div id=\"\">\n<p>Mit 110 von 125 Stimmen ist der s\u00e4chsische Landesbischof Tobias Bilz von Synode und Kirchenkonferenz zum stellvertretenden Ratsvorsitzenden der Evangelischen Kirche in Deutschland (EKD) gew\u00e4hlt worden. \u201eIch freue mich \u00fcber die Wahl von Tobias Bilz. Als Landesbischof ist er ein leidenschaftlicher Prediger und Mahner f\u00fcr Respekt und Verst\u00e4ndigung.\u201c, so die Pr\u00e4ses der EKD-Synode, Anna-Nicole Heinrich.<\/p>\n<p>Tobias Bilz stammt aus Sachsen, wo er 1964 in Dornreichenbach bei Wurzen geboren wurde. Nach der Schulzeit absolvierte er zun\u00e4chst eine Ausbildung als Instandhaltungsmechaniker und studierte ab 1983 Theologie. Dem Ersten Theologischen Examen folgte 1989 das Vikariat. Nach dem Zweiten Theologischen Examen und der Ordination war Tobias Bilz von 1991 bis 1999 Pfarrer in der Kirchgemeinde Erlbach-Kirchberg. 1999 \u00fcbernahm er den Dienst als Pfarrer in den Schwesterkirchgemeinden Erlbach-Kirchberg und Ursprung mit Seifersdorf, sowie von 2001 an den Dienst als Jugendpfarrer im Kirchenbezirk Stollberg. Er wurde im Jahr 2007 Landesjugendpfarrer der Evangelisch-Lutherischen Landeskirche Sachsens und absolvierte 2009-2012 berufsbegleitend eine Ausbildung in Gemeindeberatung\/Organisations-entwicklung in Friedberg\/Hessen. Mit Jahresbeginn 2019 \u00fcbernahm Tobias Bilz das Amt des Dezernenten f\u00fcr Gemeindeaufbau und Seelsorge (Dezernat IV) im Evangelisch-Lutherischen Landeskirchenamt Sachsens. Die Wahl zum Landesbischof erfolgte durch die s\u00e4chsische Landessynode am 29. Februar 2020 in Dresden. Am 1. M\u00e4rz 2020 hat er das Amt des Landesbischofs angetreten.<\/p>\n<p>Tobias Bilz ist verheiratet und hat drei erwachsene Kinder.<\/p>\n<p>Die Tagung der EKD-Synode kann im Livestream mitverfolgt werden unter www.ekd.de\/stream.<\/p>\n<p>W\u00fcrzburg, 12. November 2024<\/p>\n<p>Pressestelle der EKD<br \/>Annika Lukas<\/p>\n<\/div>\n","protected":false},"excerpt":{"rendered":"<p>12.11.2024 Pressemitteilung S\u00e4chsischer Landesbischof zum Vertreter von Bisch\u00f6fin Kirsten Fehrs gew\u00e4hlt Mit 110 von 125 Stimmen ist der s\u00e4chsische Landesbischof<\/p>\n","protected":false},"author":2,"featured_media":7468,"comment_status":"closed","ping_status":"closed","sticky":false,"template":"","format":"standard","meta":{"footnotes":""},"categories":[20],"tags":[],"_links":{"self":[{"href":"https:\/\/krankenhauspfarramt.de\/index.php\/wp-json\/wp\/v2\/posts\/7467"}],"collection":[{"href":"https:\/\/krankenhauspfarramt.de\/index.php\/wp-json\/wp\/v2\/posts"}],"about":[{"href":"https:\/\/krankenhauspfarramt.de\/index.php\/wp-json\/wp\/v2\/types\/post"}],"author":[{"embeddable":true,"href":"https:\/\/krankenhauspfarramt.de\/index.php\/wp-json\/wp\/v2\/users\/2"}],"replies":[{"embeddable":true,"href":"https:\/\/krankenhauspfarramt.de\/index.php\/wp-json\/wp\/v2\/comments?post=7467"}],"version-history":[{"count":1,"href":"https:\/\/krankenhauspfarramt.de\/index.php\/wp-json\/wp\/v2\/posts\/7467\/revisions"}],"predecessor-version":[{"id":7469,"href":"https:\/\/krankenhauspfarramt.de\/index.php\/wp-json\/wp\/v2\/posts\/7467\/revisions\/7469"}],"wp:featuredmedia":[{"embeddable":true,"href":"https:\/\/krankenhauspfarramt.de\/index.php\/wp-json\/wp\/v2\/media\/7468"}],"wp:attachment":[{"href":"https:\/\/krankenhauspfarramt.de\/index.php\/wp-json\/wp\/v2\/media?parent=7467"}],"wp:term":[{"taxonomy":"category","embeddable":true,"href":"https:\/\/krankenhauspfarramt.de\/index.php\/wp-json\/wp\/v2\/categories?post=7467"},{"taxonomy":"post_tag","embeddable":true,"href":"https:\/\/krankenhauspfarramt.de\/index.php\/wp-json\/wp\/v2\/tags?post=7467"}],"curies":[{"name":"wp","href":"https:\/\/api.w.org\/{rel}","templated":true}]}}