{"id":7509,"date":"2024-11-22T12:59:16","date_gmt":"2024-11-22T12:59:16","guid":{"rendered":"https:\/\/krankenhauspfarramt.de\/index.php\/2024\/11\/22\/bischoefin-fehrs-favorisiert-friedhoefe-statt-anonymer-wiesen-ekd\/"},"modified":"2024-11-22T12:59:17","modified_gmt":"2024-11-22T12:59:17","slug":"bischoefin-fehrs-favorisiert-friedhoefe-statt-anonymer-wiesen-ekd","status":"publish","type":"post","link":"https:\/\/krankenhauspfarramt.de\/index.php\/2024\/11\/22\/bischoefin-fehrs-favorisiert-friedhoefe-statt-anonymer-wiesen-ekd\/","title":{"rendered":"Bisch\u00f6fin Fehrs favorisiert Friedh\u00f6fe statt anonymer Wiesen \u2013 EKD"},"content":{"rendered":"<p> <br \/>\n<\/p>\n<div>\n<p>\u201eHier k\u00f6nnen auch die Lebenden zur Ruhe kommen, weinen und nachdenken, beten und dann fr\u00f6hlich das Leben genie\u00dfen, das Gott ihnen schenkt\u201c, sagte Fehrs am Freitag. Friedh\u00f6fe seien \u201eOrte des Widerstands gegen eine Welt, die vergisst, dass alles endlich ist: unser Leben, das Leben unserer Liebsten, die Sch\u00e4tze unserer Welt. Sie erinnern daran, wie kostbar das Leben ist, jedes einzelne an jedem einzelnen Tag.\u201c<\/p>\n<p>Mit dem Totensonntag, der auch Ewigkeitssonntag genannt wird, endet im November die Folge der Trauer- und Gedenktage. Der Totensonntag ist der letzte Sonntag des Kirchenjahrs, bevor mit dem Advent als Vorbereitung auf Weihnachten ein neuer Zyklus beginnt. In diesem Jahr f\u00e4llt der Trauertag auf den 24. November.<br \/>Der Totensonntag ist, vereinfacht gesagt, das evangelische Gegenst\u00fcck zum katholischen Feiertag Allerseelen, der jedes Jahr am 2. November begangen wird. Neben dem Andenken an die Verstorbenen wird in vielen evangelischen Gottesdiensten auch zu einem bewussteren Umgang mit der Lebenszeit ermutigt.<\/p>\n<\/p><\/div>\n","protected":false},"excerpt":{"rendered":"<p>\u201eHier k\u00f6nnen auch die Lebenden zur Ruhe kommen, weinen und nachdenken, beten und dann fr\u00f6hlich das Leben genie\u00dfen, das Gott<\/p>\n","protected":false},"author":2,"featured_media":7510,"comment_status":"closed","ping_status":"closed","sticky":false,"template":"","format":"standard","meta":{"footnotes":""},"categories":[20],"tags":[],"_links":{"self":[{"href":"https:\/\/krankenhauspfarramt.de\/index.php\/wp-json\/wp\/v2\/posts\/7509"}],"collection":[{"href":"https:\/\/krankenhauspfarramt.de\/index.php\/wp-json\/wp\/v2\/posts"}],"about":[{"href":"https:\/\/krankenhauspfarramt.de\/index.php\/wp-json\/wp\/v2\/types\/post"}],"author":[{"embeddable":true,"href":"https:\/\/krankenhauspfarramt.de\/index.php\/wp-json\/wp\/v2\/users\/2"}],"replies":[{"embeddable":true,"href":"https:\/\/krankenhauspfarramt.de\/index.php\/wp-json\/wp\/v2\/comments?post=7509"}],"version-history":[{"count":1,"href":"https:\/\/krankenhauspfarramt.de\/index.php\/wp-json\/wp\/v2\/posts\/7509\/revisions"}],"predecessor-version":[{"id":7511,"href":"https:\/\/krankenhauspfarramt.de\/index.php\/wp-json\/wp\/v2\/posts\/7509\/revisions\/7511"}],"wp:featuredmedia":[{"embeddable":true,"href":"https:\/\/krankenhauspfarramt.de\/index.php\/wp-json\/wp\/v2\/media\/7510"}],"wp:attachment":[{"href":"https:\/\/krankenhauspfarramt.de\/index.php\/wp-json\/wp\/v2\/media?parent=7509"}],"wp:term":[{"taxonomy":"category","embeddable":true,"href":"https:\/\/krankenhauspfarramt.de\/index.php\/wp-json\/wp\/v2\/categories?post=7509"},{"taxonomy":"post_tag","embeddable":true,"href":"https:\/\/krankenhauspfarramt.de\/index.php\/wp-json\/wp\/v2\/tags?post=7509"}],"curies":[{"name":"wp","href":"https:\/\/api.w.org\/{rel}","templated":true}]}}