{"id":7512,"date":"2024-11-22T17:17:06","date_gmt":"2024-11-22T17:17:06","guid":{"rendered":"https:\/\/krankenhauspfarramt.de\/index.php\/2024\/11\/22\/weihnachtsbriefmarke-mit-kirchenfenster-aus-dem-saarland-ekd\/"},"modified":"2024-11-22T17:17:08","modified_gmt":"2024-11-22T17:17:08","slug":"weihnachtsbriefmarke-mit-kirchenfenster-aus-dem-saarland-ekd","status":"publish","type":"post","link":"https:\/\/krankenhauspfarramt.de\/index.php\/2024\/11\/22\/weihnachtsbriefmarke-mit-kirchenfenster-aus-dem-saarland-ekd\/","title":{"rendered":"Weihnachtsbriefmarke mit Kirchenfenster aus dem Saarland \u2013 EKD"},"content":{"rendered":"<p> <br \/>\n<\/p>\n<div>\n<p>Berlin (epd). Die Sonderbriefmarke zu Weihnachten zeigt in diesem Jahr das Kirchenfenster \u201eHimmlisches Licht\u201c der Abteikirche St. Mauritius in Tholey im saarl\u00e4ndischen Landkreis St. Wendel. Das Bundesfinanzministerium teilte am Donnerstag in Berlin mit, die 85-Cent-Marke mit einem Zuschlag von 40 Cent f\u00fcr die Wohlfahrtspflege sei seit dem 2. November erh\u00e4ltlich. Der Erl\u00f6s flie\u00dft in gemeinn\u00fctzige Projekte.<\/p>\n<\/p><\/div>\n<div id=\"\">\n<p>Das Fenster, aus dem die Marke einen Ausschnitt zeigt, hat die deutsch-afghanische K\u00fcnstlerin Mahbuba Maqsoodi gestaltet. Es wurde in den Jahren 2019 bis 2021 in die Kirche des \u00e4ltesten Klosters in Deutschland eingebaut und zeigt die Weihnachtsgeschichte von Jesu Geburt in Bethlehem.<\/p>\n<p>Au\u00dferdem erscheint im Rahmen der Serie \u201eWeihnachten\u201c die 25-Euro-Sammlerm\u00fcnze \u201eAdventskranz\u201c. Der Kranz symbolisiert mit dem zunehmenden Kerzenlicht bis Weihnachten die n\u00e4her r\u00fcckende Ankunft des Gottessohnes als \u201eLicht der Welt\u201c. Der erste Adventskranz wurde 1839 von dem Theologen Johann Hinrich Wichern im \u201eRauhen Haus\u201c in Hamburg aufgeh\u00e4ngt, einem Heim f\u00fcr verarmte und verwaiste Kinder.<\/p>\n<\/div>\n","protected":false},"excerpt":{"rendered":"<p>Berlin (epd). Die Sonderbriefmarke zu Weihnachten zeigt in diesem Jahr das Kirchenfenster \u201eHimmlisches Licht\u201c der Abteikirche St. Mauritius in Tholey<\/p>\n","protected":false},"author":2,"featured_media":7513,"comment_status":"closed","ping_status":"closed","sticky":false,"template":"","format":"standard","meta":{"footnotes":""},"categories":[20],"tags":[],"_links":{"self":[{"href":"https:\/\/krankenhauspfarramt.de\/index.php\/wp-json\/wp\/v2\/posts\/7512"}],"collection":[{"href":"https:\/\/krankenhauspfarramt.de\/index.php\/wp-json\/wp\/v2\/posts"}],"about":[{"href":"https:\/\/krankenhauspfarramt.de\/index.php\/wp-json\/wp\/v2\/types\/post"}],"author":[{"embeddable":true,"href":"https:\/\/krankenhauspfarramt.de\/index.php\/wp-json\/wp\/v2\/users\/2"}],"replies":[{"embeddable":true,"href":"https:\/\/krankenhauspfarramt.de\/index.php\/wp-json\/wp\/v2\/comments?post=7512"}],"version-history":[{"count":1,"href":"https:\/\/krankenhauspfarramt.de\/index.php\/wp-json\/wp\/v2\/posts\/7512\/revisions"}],"predecessor-version":[{"id":7514,"href":"https:\/\/krankenhauspfarramt.de\/index.php\/wp-json\/wp\/v2\/posts\/7512\/revisions\/7514"}],"wp:featuredmedia":[{"embeddable":true,"href":"https:\/\/krankenhauspfarramt.de\/index.php\/wp-json\/wp\/v2\/media\/7513"}],"wp:attachment":[{"href":"https:\/\/krankenhauspfarramt.de\/index.php\/wp-json\/wp\/v2\/media?parent=7512"}],"wp:term":[{"taxonomy":"category","embeddable":true,"href":"https:\/\/krankenhauspfarramt.de\/index.php\/wp-json\/wp\/v2\/categories?post=7512"},{"taxonomy":"post_tag","embeddable":true,"href":"https:\/\/krankenhauspfarramt.de\/index.php\/wp-json\/wp\/v2\/tags?post=7512"}],"curies":[{"name":"wp","href":"https:\/\/api.w.org\/{rel}","templated":true}]}}