{"id":7515,"date":"2024-11-25T14:30:58","date_gmt":"2024-11-25T14:30:58","guid":{"rendered":"https:\/\/krankenhauspfarramt.de\/index.php\/2024\/11\/25\/evangelische-kirche-beschliesst-gottesdienstreihe-zum-grundgesetz-ekd\/"},"modified":"2024-11-25T14:30:59","modified_gmt":"2024-11-25T14:30:59","slug":"evangelische-kirche-beschliesst-gottesdienstreihe-zum-grundgesetz-ekd","status":"publish","type":"post","link":"https:\/\/krankenhauspfarramt.de\/index.php\/2024\/11\/25\/evangelische-kirche-beschliesst-gottesdienstreihe-zum-grundgesetz-ekd\/","title":{"rendered":"Evangelische Kirche beschlie\u00dft Gottesdienstreihe zum Grundgesetz \u2013 EKD"},"content":{"rendered":"<p> <br \/>\n<\/p>\n<div id=\"\">\n        <!-- RSPEAK_START --><\/p>\n<header class=\"large-10 columns article--header\">\n<div class=\"article--meta article--meta__border clearfix\">\n<p>                                    <time datetime=\"20.11.2024 11:10\" class=\"article--time\">20.11.2024<\/time><\/p>\n<p>                                    <strong class=\"article--type primus--overline\">News<\/strong><\/p>\n<picture class=\"article--source-image image\"><source srcset=\"https:\/\/www.ekd.de\/ekd_de\/ds_img\/assets\/20170329_epd-Quellenlogo_141.png\"><!--<source srcset=\"https:\/\/www.ekd.de\/ekd_de\/ds_img\/assets\/20170329_epd-Quellenlogo_141.png 1x, https:\/\/www.ekd.de\/ekd_de\/ds_img\/assets\/20170329_epd-Quellenlogo_141.png 2x, https:\/\/www.ekd.de\/ekd_de\/ds_img\/assets\/20170329_epd-Quellenlogo_141.png 3x\">--><\/p>\n<p>    <\/source><\/picture>\n<\/p><\/div>\n<\/header>\n<div class=\"large-8 columns large-offset-1 \">\n<p>Bremen (epd). Mit einem Festgottesdienst zum 75-j\u00e4hrigen Bestehen des Grundgesetzes hat die evangelische Kirche die Bedeutung des Artikels 9 in der Verfassung unterstrichen. Die Zusicherung \u201eAlle Deutschen haben das Recht, Vereine und Gesellschaften zu bilden\u201c sei eine Grundvoraussetzung f\u00fcr eine funktionierende Zivilgesellschaft und eine lebendige Demokratie, sagte der CDU-Bundestagsabgeordnete Thomas R\u00f6wekamp am Mittwoch in Bremen in einer Kanzelrede.<\/p>\n<p>Die Feier am Bu\u00df- und Bettag in der Hansestadt war gleichzeitig der Abschluss einer Gottesdienstreihe, mit der die Evangelische Kirche in Deutschland (EKD) in diesem Jahr das Jubil\u00e4um der Verfassung gew\u00fcrdigt hat. Beteiligt waren alle 20 Landeskirchen der EKD, die sich jeweils mit einem von 20 grundlegenden Verfassungstexten auseinandersetzten.<\/p>\n<p>Der Jurist R\u00f6wekamp sagte in seiner Kanzelrede: \u201eEs gibt die Aufforderung an uns als Christen, nicht nur zu beten oder zu hoffen.\u201c Es gehe auch um den Aufruf zu Zusammenhalt und solidarischem Handeln, \u201ezu kollektivem Engagement und individueller Verpflichtung, aus Zuversicht Wirklichkeit werden zu lassen\u201c.<br \/>\u201eWir k\u00f6nnen nicht hoffen, verschont zu bleiben von den Konflikten der Welt, wir m\u00fcssen uns engagieren\u201c, betonte R\u00f6wekamp in dem Rundfunk-Gottesdienst, der von Radio Bremen aus der historischen Stadtkirche Unser Lieben Frauen \u00fcbertragen wurde. Der Christdemokrat, der Mitglied der bremischen Kirchenleitung ist, begr\u00fc\u00dfte Forderungen nach einer allgemeinen Dienstpflicht als \u201eForm der Verantwortung f\u00fcr das gemeinsame Wohl\u201c.<\/p>\n<\/p><\/div>\n<p>        <!-- RSPEAK_STOP --><\/p>\n<footer class=\"article--footer\">\n<\/footer><\/div>\n","protected":false},"excerpt":{"rendered":"<p>20.11.2024 News Bremen (epd). Mit einem Festgottesdienst zum 75-j\u00e4hrigen Bestehen des Grundgesetzes hat die evangelische Kirche die Bedeutung des Artikels<\/p>\n","protected":false},"author":2,"featured_media":7516,"comment_status":"closed","ping_status":"closed","sticky":false,"template":"","format":"standard","meta":{"footnotes":""},"categories":[20],"tags":[],"_links":{"self":[{"href":"https:\/\/krankenhauspfarramt.de\/index.php\/wp-json\/wp\/v2\/posts\/7515"}],"collection":[{"href":"https:\/\/krankenhauspfarramt.de\/index.php\/wp-json\/wp\/v2\/posts"}],"about":[{"href":"https:\/\/krankenhauspfarramt.de\/index.php\/wp-json\/wp\/v2\/types\/post"}],"author":[{"embeddable":true,"href":"https:\/\/krankenhauspfarramt.de\/index.php\/wp-json\/wp\/v2\/users\/2"}],"replies":[{"embeddable":true,"href":"https:\/\/krankenhauspfarramt.de\/index.php\/wp-json\/wp\/v2\/comments?post=7515"}],"version-history":[{"count":1,"href":"https:\/\/krankenhauspfarramt.de\/index.php\/wp-json\/wp\/v2\/posts\/7515\/revisions"}],"predecessor-version":[{"id":7517,"href":"https:\/\/krankenhauspfarramt.de\/index.php\/wp-json\/wp\/v2\/posts\/7515\/revisions\/7517"}],"wp:featuredmedia":[{"embeddable":true,"href":"https:\/\/krankenhauspfarramt.de\/index.php\/wp-json\/wp\/v2\/media\/7516"}],"wp:attachment":[{"href":"https:\/\/krankenhauspfarramt.de\/index.php\/wp-json\/wp\/v2\/media?parent=7515"}],"wp:term":[{"taxonomy":"category","embeddable":true,"href":"https:\/\/krankenhauspfarramt.de\/index.php\/wp-json\/wp\/v2\/categories?post=7515"},{"taxonomy":"post_tag","embeddable":true,"href":"https:\/\/krankenhauspfarramt.de\/index.php\/wp-json\/wp\/v2\/tags?post=7515"}],"curies":[{"name":"wp","href":"https:\/\/api.w.org\/{rel}","templated":true}]}}