{"id":7545,"date":"2024-11-30T10:08:25","date_gmt":"2024-11-30T10:08:25","guid":{"rendered":"https:\/\/krankenhauspfarramt.de\/index.php\/2024\/11\/30\/erzbischof-hesse-und-bischof-staeblein-besuchen-abschiebungshafteinrichtung-ekd\/"},"modified":"2024-11-30T10:08:26","modified_gmt":"2024-11-30T10:08:26","slug":"erzbischof-hesse-und-bischof-staeblein-besuchen-abschiebungshafteinrichtung-ekd","status":"publish","type":"post","link":"https:\/\/krankenhauspfarramt.de\/index.php\/2024\/11\/30\/erzbischof-hesse-und-bischof-staeblein-besuchen-abschiebungshafteinrichtung-ekd\/","title":{"rendered":"Erzbischof He\u00dfe und Bischof St\u00e4blein besuchen Abschiebungshafteinrichtung \u2013 EKD"},"content":{"rendered":"<p> <br \/>\n<\/p>\n<div id=\"\">\n<div class=\"article--meta article--meta__border clearfix\">\n<p>                                    <time datetime=\"30.11.2024 09:00\" class=\"article--time\">30.11.2024<\/time><\/p>\n<p>                                     <strong class=\"article--type primus--overline\">Pressemitteilung<\/strong><\/p>\n<picture class=\"article--source-image image\"><source srcset=\"https:\/\/www.ekd.de\/ekd_de\/ds_img\/assets\/20170622_ekd-Quellenlogo_141_rdax_423x118.png\"><!--<source srcset=\"\/ekd_de\/ds_img\/assets\/20170622_ekd-Quellenlogo_141_rdax_141x39.png 1x, \/ekd_de\/ds_img\/assets\/20170622_ekd-Quellenlogo_141_rdax_282x78.png 2x, https:\/\/www.ekd.de\/ekd_de\/ds_img\/assets\/20170622_ekd-Quellenlogo_141_rdax_423x118.png 3x\">--><\/p>\n<p>    <\/source><\/picture>\n<\/p><\/div>\n<h2 class=\"article--sub-headline primus--sub-headline\">Kirchliche Fl\u00fcchtlingsbeauftragte gemeinsam in Hamburg und Gl\u00fcckstadt<\/h2>\n<\/p><\/div>\n<div id=\"\">\n<p>Der Sonderbeauftragte f\u00fcr Fl\u00fcchtlingsfragen der Deutschen Bischofskonferenz, Erzbischof Dr. Stefan He\u00dfe (Hamburg), und der Beauftragte f\u00fcr Fl\u00fcchtlingsfragen der Evangelischen Kirche in Deutschland (EKD), Bischof Dr. Christian St\u00e4blein (Berlin), haben gestern (29. November 2024) gemeinsam die Abschiebungshafteinrichtung im schleswig-holsteinischen Gl\u00fcckstadt besucht und Gespr\u00e4che mit der Bundespolizei sowie der Abschiebungsbeobachtung am Hamburger Flughafen gef\u00fchrt.<\/p>\n<p>In der von den L\u00e4ndern Hamburg, Schleswig-Holstein und Mecklenburg-Vorpommern genutzten Abschiebungshafteinrichtung in Gl\u00fcckstadt sind aktuell 32 Menschen in Abschiebungshaft genommen. Seit Inbetriebnahme der Einrichtung 2021 wird immer wieder Kritik an Haftbedingungen und Missst\u00e4nden ge\u00e4u\u00dfert; so herrscht anhaltender Personalmangel und \u00fcber ein halbes Jahr fand keine Sozialberatung statt. Zudem gab es Hungerstreiks und sogar Suizidversuche von Inhaftierten. In der Kritik ist auch, dass seitens der Freien und Hansestadt Hamburg EU-B\u00fcrger in Gl\u00fcckstadt inhaftiert worden sind.<\/p>\n<p>Bei ihrem Besuch haben sich die beiden Bisch\u00f6fe ein Bild von der Situation vor Ort gemacht, etwa im Gespr\u00e4ch mit der Einrichtungsleitung. Der kommissarische Leiter schilderte die strukturellen Herausforderungen f\u00fcr die Einrichtung und berichtete von den Bem\u00fchungen, den Personalmangel zu beheben. Im Austausch mit Vollzugsbeamten, mit einer Mitarbeiterin der Notarztstation und der Sozialberatung der Diakonie erhielten die Bisch\u00f6fe weitere Einblicke.<\/p>\n<p>Erzbischof He\u00dfe erkl\u00e4rte: \u201eIn der aktuell hitzigen Asyldebatte sind die Rufe nach versch\u00e4rften Abschiebungsma\u00dfnahmen besonders laut. Dabei geht es vor allem um die Zahl der Abschiebungen. Hinter den Zahlen aber stehen Menschen, die sich in einer \u00e4u\u00dferst prek\u00e4ren und bedr\u00fcckenden Lage befinden. Die Beschleunigung von Abschiebungen darf niemals auf Kosten humanit\u00e4rer und rechtsstaatlicher Prinzipien erfolgen. Auch f\u00fcr Menschen, denen hierzulande kein Schutzstatus gew\u00e4hrt werden kann, tragen wir weiter Verantwortung.\u201c Bischof St\u00e4blein kritisierte, dass die Bedingungen, unter denen die Abschiebungen erfolgen, \u00f6ffentlich kaum wahrgenommen oder diskutiert werden. \u201eWir m\u00fcssen uns vor Augen f\u00fchren, dass in Hafteinrichtungen wie hier in Gl\u00fcckstadt nicht selten Menschen ihrer Freiheit beraubt werden, die keine Straftat begangen haben. Auch EU-B\u00fcrger werden hier inhaftiert. Oder es werden Menschen, die in Deutschland geboren und aufgewachsen sind, in f\u00fcr sie v\u00f6llig fremde L\u00e4nder abgeschoben \u2013 aufgrund ihrer Staatsangeh\u00f6rigkeit. Auch wenn das aufenthaltsrechtlich korrekt sein mag, ist es f\u00fcr die Betroffenen sehr hart\u201c, so St\u00e4blein.<\/p>\n<p>Im Rahmen des Besuches wurden auch Gespr\u00e4che mit Inhaftierten und mit den Seelsorgenden, die ihnen zur Seite stehen, gef\u00fchrt. Erzbischof He\u00dfe betonte: \u201eIn der Einrichtung lag eine bedr\u00fcckende Stimmung in der Luft. Verzweiflung, Angst, Perspektivlosigkeit \u2013 im Gespr\u00e4ch mit einem Inhaftierten waren diese Gef\u00fchle f\u00fcr mich zum Greifen nahe. Die Menschen hier wissen: Ihre Abschiebung steht kurz bevor, einen Ausweg gibt es meist nicht mehr. Das ist eine enorme psychische Belastung. Ich bin dankbar f\u00fcr die Seelsorger, die den Betroffenen beistehen und gemeinsam mit ihnen diese schwierige Situation aushalten und durchstehen.\u201c<\/p>\n<p>W\u00e4hrend des zweiten Termins informierten sich Erzbischof He\u00dfe und Bischof St\u00e4blein \u00fcber die Abschiebungspraxis am Hamburger Flughafen. Im Schnitt finden hier pro Tag aktuell zehn bis 20 Abschiebungen statt, im Rahmen von Linienfl\u00fcgen oder in Sammelabschiebungen auf Charterfl\u00fcgen. Im Gespr\u00e4ch mit der zust\u00e4ndigen Dienststelle der Bundespolizei vor Ort ging es um den Ablauf der Abschiebungen: \u201eAbschiebungen sind hier zwar Alltag \u2013 ein Alltag aber, der f\u00fcr niemanden einfach ist. Deshalb ist es wichtig, dass kirchliche Ansprechpartner f\u00fcr alle Personen, die an Abschiebungen beteiligt sind, ein offenes Ohr haben\u201c, so die beiden Bisch\u00f6fe.<\/p>\n<p>Die Kirchen setzen sich auch am Hamburger Flughafen daf\u00fcr ein, dass humanit\u00e4re Standards gew\u00e4hrleistet werden, etwa durch die Abschiebebeobachtung der Diakonie, die auf die Einhaltung dieser Standards achtet, wie zum Beispiel Familieneinheit, medizinische Versorgung und den verh\u00e4ltnism\u00e4\u00dfigen Einsatz von Zwangsma\u00dfnahmen. Bischof St\u00e4blein: \u201eEs ist wichtig, dass der Ablauf der Abschiebungen von unabh\u00e4ngiger Stelle beobachtet wird. Als Kirchen versuchen wir, die Menschen auch hier zu begleiten. Ein eklatanter Missstand bleibt, dass Deutschland sich seit 2016 weigert, eine EU-Richtlinie umzusetzen, die eine wirksame Abschiebebeobachtung an allen Flugh\u00e4fen vorsieht \u2013 beispielsweise zum Schutz besonders vulnerabler Personen.\u201c<\/p>\n<p>Beide Bisch\u00f6fe stellten abschlie\u00dfend fest: \u201eDas Anliegen des Staates, bestehende Ausreisepflichten durchzusetzen, wird von kirchlicher Seite nicht in Frage gestellt. Allerdings d\u00fcrfen die Personen, um die es geht, niemals aus dem Blick geraten. Ihre Menschenw\u00fcrde und ihre Menschenrechte sind unbedingt zu achten.\u201c<\/p>\n<p>Hannover, 30. November 2024<\/p>\n<p>Pressestelle der EKD<br \/>Carsten Splitt<\/p>\n<\/div>\n","protected":false},"excerpt":{"rendered":"<p>30.11.2024 Pressemitteilung Kirchliche Fl\u00fcchtlingsbeauftragte gemeinsam in Hamburg und Gl\u00fcckstadt Der Sonderbeauftragte f\u00fcr Fl\u00fcchtlingsfragen der Deutschen Bischofskonferenz, Erzbischof Dr. Stefan He\u00dfe<\/p>\n","protected":false},"author":2,"featured_media":7546,"comment_status":"closed","ping_status":"closed","sticky":false,"template":"","format":"standard","meta":{"footnotes":""},"categories":[20],"tags":[],"_links":{"self":[{"href":"https:\/\/krankenhauspfarramt.de\/index.php\/wp-json\/wp\/v2\/posts\/7545"}],"collection":[{"href":"https:\/\/krankenhauspfarramt.de\/index.php\/wp-json\/wp\/v2\/posts"}],"about":[{"href":"https:\/\/krankenhauspfarramt.de\/index.php\/wp-json\/wp\/v2\/types\/post"}],"author":[{"embeddable":true,"href":"https:\/\/krankenhauspfarramt.de\/index.php\/wp-json\/wp\/v2\/users\/2"}],"replies":[{"embeddable":true,"href":"https:\/\/krankenhauspfarramt.de\/index.php\/wp-json\/wp\/v2\/comments?post=7545"}],"version-history":[{"count":1,"href":"https:\/\/krankenhauspfarramt.de\/index.php\/wp-json\/wp\/v2\/posts\/7545\/revisions"}],"predecessor-version":[{"id":7547,"href":"https:\/\/krankenhauspfarramt.de\/index.php\/wp-json\/wp\/v2\/posts\/7545\/revisions\/7547"}],"wp:featuredmedia":[{"embeddable":true,"href":"https:\/\/krankenhauspfarramt.de\/index.php\/wp-json\/wp\/v2\/media\/7546"}],"wp:attachment":[{"href":"https:\/\/krankenhauspfarramt.de\/index.php\/wp-json\/wp\/v2\/media?parent=7545"}],"wp:term":[{"taxonomy":"category","embeddable":true,"href":"https:\/\/krankenhauspfarramt.de\/index.php\/wp-json\/wp\/v2\/categories?post=7545"},{"taxonomy":"post_tag","embeddable":true,"href":"https:\/\/krankenhauspfarramt.de\/index.php\/wp-json\/wp\/v2\/tags?post=7545"}],"curies":[{"name":"wp","href":"https:\/\/api.w.org\/{rel}","templated":true}]}}