{"id":756,"date":"2020-04-01T18:10:46","date_gmt":"2020-04-01T18:10:46","guid":{"rendered":"https:\/\/krankenhauspfarramt.de\/index.php\/2020\/04\/01\/klimawald-der-kirche-waechst-weiter-ekd\/"},"modified":"2020-04-06T15:58:19","modified_gmt":"2020-04-06T15:58:19","slug":"klimawald-der-kirche-waechst-weiter-ekd","status":"publish","type":"post","link":"https:\/\/krankenhauspfarramt.de\/index.php\/2020\/04\/01\/klimawald-der-kirche-waechst-weiter-ekd\/","title":{"rendered":"Klimawald der Kirche w\u00e4chst weiter \u2013 EKD"},"content":{"rendered":"<p> <br \/>\n<\/p>\n<div id=\"\">\n<p>Erfurt (epd). Der Klimawald der Evangelischen Kirche in Mitteldeutschland (EKM) w\u00e4chst weiter. Bei Hohenleuben im Landkreis Greiz wurden 500 neue Wei\u00dftannen gepflanzt, wie eine EKM-Sprecherin am Dienstag in Erfurt mitteilte. Mit der Aktion sollen die Ressourcen kompensiert werden, die beim mehrt\u00e4gigen bundesweiten Kirchbautag 2019 in der Th\u00fcringer Landeshauptstadt verbraucht wurden.<\/p>\n<p>Der Wald existiert seit November 2018 und soll die Kohlendioxid-Bilanz der Landeskirche neutralisieren. Damals wurden 1.200 Eichen sowie 10 Vogelkirschen gepflanzt. Wie Eiche und Buchen geh\u00f6ren auch die Wei\u00dftannen zum urspr\u00fcnglichen nat\u00fcrlichen Bewuchs der Region. Sie sollen standortfremde Fichten ersetzen, die von Th\u00fcringens F\u00f6rstern in den vergangenen Jahrhunderten zum Teil auch in Monokultur angebaut wurden. Der schnell wachsende &#8222;Brotbaum&#8220; der heimischen Forstwirtschaft zeigt sich in j\u00fcngster Zeit aber besonders anf\u00e4llig f\u00fcr die Folgen des Klimawandels wie anhaltende D\u00fcrren oder orkanartige St\u00fcrme.<\/p>\n<p>Die Kalkulation f\u00fcr die Kompensationsleistung des Klimawaldes beruht nach EKM-Angaben auf Durchschnittswerten und konkreten Berechnungen zu Veranstaltungen sowie Dienstkilometern des\u00a0Landeskirchenamtes aus dem Jahr 2017. Daf\u00fcr wurden die f\u00fcnf Dienstwagen sowie die Fahrzeuge des Landesbischofs und der f\u00fcnf Regionalbisch\u00f6fe eingerechnet. Zusammen mit den diversen Veranstaltungen bilanzierte die EKM ein Kohlendioxid-\u00c4quivalent von etwa 210 Tonnen pro Jahr. Zur Umsetzung des Ausgleichs wurden rund 4.600 Euro j\u00e4hrlich in den Haushalt der EKM eingestellt.<\/p>\n<p>Zur Internetseite der Evangelischen Kirche in Mitteldeutschland<\/p>\n<\/div>\n","protected":false},"excerpt":{"rendered":"<p>Erfurt (epd). Der Klimawald der Evangelischen Kirche in Mitteldeutschland (EKM) w\u00e4chst weiter. Bei Hohenleuben im Landkreis Greiz wurden 500 neue<\/p>\n","protected":false},"author":1,"featured_media":757,"comment_status":"closed","ping_status":"closed","sticky":false,"template":"","format":"standard","meta":{"footnotes":""},"categories":[20],"tags":[],"_links":{"self":[{"href":"https:\/\/krankenhauspfarramt.de\/index.php\/wp-json\/wp\/v2\/posts\/756"}],"collection":[{"href":"https:\/\/krankenhauspfarramt.de\/index.php\/wp-json\/wp\/v2\/posts"}],"about":[{"href":"https:\/\/krankenhauspfarramt.de\/index.php\/wp-json\/wp\/v2\/types\/post"}],"author":[{"embeddable":true,"href":"https:\/\/krankenhauspfarramt.de\/index.php\/wp-json\/wp\/v2\/users\/1"}],"replies":[{"embeddable":true,"href":"https:\/\/krankenhauspfarramt.de\/index.php\/wp-json\/wp\/v2\/comments?post=756"}],"version-history":[{"count":1,"href":"https:\/\/krankenhauspfarramt.de\/index.php\/wp-json\/wp\/v2\/posts\/756\/revisions"}],"predecessor-version":[{"id":758,"href":"https:\/\/krankenhauspfarramt.de\/index.php\/wp-json\/wp\/v2\/posts\/756\/revisions\/758"}],"wp:featuredmedia":[{"embeddable":true,"href":"https:\/\/krankenhauspfarramt.de\/index.php\/wp-json\/wp\/v2\/media\/757"}],"wp:attachment":[{"href":"https:\/\/krankenhauspfarramt.de\/index.php\/wp-json\/wp\/v2\/media?parent=756"}],"wp:term":[{"taxonomy":"category","embeddable":true,"href":"https:\/\/krankenhauspfarramt.de\/index.php\/wp-json\/wp\/v2\/categories?post=756"},{"taxonomy":"post_tag","embeddable":true,"href":"https:\/\/krankenhauspfarramt.de\/index.php\/wp-json\/wp\/v2\/tags?post=756"}],"curies":[{"name":"wp","href":"https:\/\/api.w.org\/{rel}","templated":true}]}}