{"id":7564,"date":"2024-12-09T11:58:12","date_gmt":"2024-12-09T11:58:12","guid":{"rendered":"https:\/\/krankenhauspfarramt.de\/index.php\/2024\/12\/09\/altbundespraesident-gauck-mit-luther-rose-geehrt-ekd\/"},"modified":"2024-12-09T11:58:13","modified_gmt":"2024-12-09T11:58:13","slug":"altbundespraesident-gauck-mit-luther-rose-geehrt-ekd","status":"publish","type":"post","link":"https:\/\/krankenhauspfarramt.de\/index.php\/2024\/12\/09\/altbundespraesident-gauck-mit-luther-rose-geehrt-ekd\/","title":{"rendered":"Altbundespr\u00e4sident Gauck mit Luther-Rose geehrt \u2013 EKD"},"content":{"rendered":"<p> <br \/>\n<\/p>\n<div id=\"\">\n<p>Gauck gebe ein ermutigendes Beispiel f\u00fcr Zivilcourage, Standhaftigkeit und Wertsch\u00e4tzung des menschlichen Gegen\u00fcbers auf der Grundlage eines gefestigten christlichen Menschenbildes, sagte Born. Gerade die gegenw\u00e4rtige Zeit sei gepr\u00e4gt durch Unfrieden und ein schwindendes Wertebewusstsein.<\/p>\n<p>In seiner Laudatio sagte der Bischof der Evangelischen Kirche Berlin-Brandenburg-schlesische Oberlausitz, Christian St\u00e4blein, Courage sei f\u00fcr Gauck ein Wesenszug im Luther&#8217;schen Sinne. Bei Gauck blende vieles ineinander: Freiheit, Liebe, Glaube, der Theologe, der Bundespr\u00e4sident und der Leiter der einst nach ihm benannten Stasi-Unterlagenbeh\u00f6rde.<\/p>\n<p>St\u00e4blein erinnerte an den Politiker Gauck, der seiner Zeit oft voraus gewesen sei. Dabei verwies er auf dessen entschiedene Verurteilung des russischen Angriffs auf die Ukraine im Jahr 2014 und auf Gaucks Hinweis ein Jahr sp\u00e4ter auf die begrenzten M\u00f6glichkeiten in der Frage der Aufnahme von Gefl\u00fcchteten.<\/p>\n<p>Gauck erkl\u00e4rte in seiner Dankesrede, die Luther-Rose sei ein Symbol des Glaubens und zugleich eine Einladung zum Nachdenken \u00fcber die Grundpfeiler des menschlichen Handelns. Sie erinnere ihn daran, dass Glaube und Vernunft, Hoffnung und Verantwortung untrennbar miteinander verbunden seien.<\/p>\n<p>Der Landesbischof der Evangelischen Kirche in Mitteldeutschland, Friedrich Kramer, erkl\u00e4rte, der Preistr\u00e4ger passe zur Auszeichnung. Beide verk\u00f6rperten Aufbruch, Freiheit und Emanzipation. Und er passe auch zum 500. Jubil\u00e4um des Evangelischen Gesangbuchs, Thema der diesj\u00e4hrigen Luther-Konferenz, die der Preisverleihung vorausging.<\/p>\n<p>Gauck stehe f\u00fcr eine aktive, emanzipierte Gesellschaft und insbesondere f\u00fcr den Schutz der Demokratie. \u201eEr vermittelt Hoffnung und Trost durch Worte und Texte, so wie das Evangelische Gesangbuch Trost in schwierigen Zeiten und Freude und Klang in Festzeiten bietet\u201c, sagte Kramer.<\/p>\n<p>Die Internationale Martin Luther Stiftung wurde am 10. November 2007 in Wittenberg errichtet. Sie hat ihren Sitz in der Wartburgstadt Eisenach und ihre Gesch\u00e4ftsstelle im Evangelischen Augustinerkloster in Erfurt.<\/p>\n<p>Die Stiftung vergibt die Luther-Rose seit 2008 j\u00e4hrlich. Bisherige Preistr\u00e4ger sind unter anderem die EU-Kommissarin Margrethe Vestager und der ehemalige Ratsvorsitzende der Evangelischen Kirche in Deutschland (EKD), der Berliner Altbischof Wolfgang Huber.<\/p>\n<\/div>\n","protected":false},"excerpt":{"rendered":"<p>Gauck gebe ein ermutigendes Beispiel f\u00fcr Zivilcourage, Standhaftigkeit und Wertsch\u00e4tzung des menschlichen Gegen\u00fcbers auf der Grundlage eines gefestigten christlichen Menschenbildes,<\/p>\n","protected":false},"author":2,"featured_media":7565,"comment_status":"closed","ping_status":"closed","sticky":false,"template":"","format":"standard","meta":{"footnotes":""},"categories":[20],"tags":[],"_links":{"self":[{"href":"https:\/\/krankenhauspfarramt.de\/index.php\/wp-json\/wp\/v2\/posts\/7564"}],"collection":[{"href":"https:\/\/krankenhauspfarramt.de\/index.php\/wp-json\/wp\/v2\/posts"}],"about":[{"href":"https:\/\/krankenhauspfarramt.de\/index.php\/wp-json\/wp\/v2\/types\/post"}],"author":[{"embeddable":true,"href":"https:\/\/krankenhauspfarramt.de\/index.php\/wp-json\/wp\/v2\/users\/2"}],"replies":[{"embeddable":true,"href":"https:\/\/krankenhauspfarramt.de\/index.php\/wp-json\/wp\/v2\/comments?post=7564"}],"version-history":[{"count":1,"href":"https:\/\/krankenhauspfarramt.de\/index.php\/wp-json\/wp\/v2\/posts\/7564\/revisions"}],"predecessor-version":[{"id":7566,"href":"https:\/\/krankenhauspfarramt.de\/index.php\/wp-json\/wp\/v2\/posts\/7564\/revisions\/7566"}],"wp:featuredmedia":[{"embeddable":true,"href":"https:\/\/krankenhauspfarramt.de\/index.php\/wp-json\/wp\/v2\/media\/7565"}],"wp:attachment":[{"href":"https:\/\/krankenhauspfarramt.de\/index.php\/wp-json\/wp\/v2\/media?parent=7564"}],"wp:term":[{"taxonomy":"category","embeddable":true,"href":"https:\/\/krankenhauspfarramt.de\/index.php\/wp-json\/wp\/v2\/categories?post=7564"},{"taxonomy":"post_tag","embeddable":true,"href":"https:\/\/krankenhauspfarramt.de\/index.php\/wp-json\/wp\/v2\/tags?post=7564"}],"curies":[{"name":"wp","href":"https:\/\/api.w.org\/{rel}","templated":true}]}}