{"id":7618,"date":"2024-12-27T14:18:29","date_gmt":"2024-12-27T14:18:29","guid":{"rendered":"https:\/\/krankenhauspfarramt.de\/index.php\/2024\/12\/27\/fehrs-warnt-vor-politischen-schluessen-aus-tat-in-magdeburg-ekd\/"},"modified":"2024-12-27T14:18:30","modified_gmt":"2024-12-27T14:18:30","slug":"fehrs-warnt-vor-politischen-schluessen-aus-tat-in-magdeburg-ekd","status":"publish","type":"post","link":"https:\/\/krankenhauspfarramt.de\/index.php\/2024\/12\/27\/fehrs-warnt-vor-politischen-schluessen-aus-tat-in-magdeburg-ekd\/","title":{"rendered":"Fehrs warnt vor politischen Schl\u00fcssen aus Tat in Magdeburg \u2013 EKD"},"content":{"rendered":"<p> <br \/>\n<\/p>\n<div>\n<p>Berlin (epd). Die Ratsvorsitzende der Evangelischen Kirche in Deutschland, Kirsten Fehrs, hat nach der Amokfahrt auf dem Magdeburger Weihnachtsmarkt davor gewarnt, vorschnell Schl\u00fcsse f\u00fcr die Fl\u00fcchtlingspolitik zu ziehen. \u201eNach so einem entsetzlichen Anschlag mit mehreren Toten und vielen Verletzten mitten in der Weihnachtszeit sollte sich die Sorge zuerst auf die Opfer und ihre Familien richten. Nat\u00fcrlich auch auf die Verletzlichkeit unserer Gesellschaft\u201c, sagte Fehrs dem \u201eTagesspiegel\u201c (Dienstag).<\/p>\n<\/p><\/div>\n<div id=\"\">\n<p>Dann m\u00fcssten die Tat und ihre Hintergr\u00fcnde genau aufgekl\u00e4rt werden, sagte die Hamburger Bisch\u00f6fin: \u201eIch sehe nicht, wie man jetzt &#8211; noch bevor dies erfolgt ist &#8211; unmittelbar Schl\u00fcsse f\u00fcr fl\u00fcchtlingspolitische Programme ableiten kann.\u201c Das w\u00fcrde jeder dringend gebotenen Besonnenheit widersprechen, gerade in Wahlkampfzeiten.<\/p>\n<p>Am Freitagabend war ein 50-j\u00e4hriger Mann mit einem Auto ungebremst durch eine Budengasse auf dem Magdeburger Weihnachtsmarkt gerast. Der T\u00e4ter sitzt in Untersuchungshaft. Der Mann stammt aus Saudi-Arabien, lebt seit 2006 in Deutschland und arbeitete zuletzt als Arzt in Bernburg bei Magdeburg. F\u00fcnf Menschen starben, mehr als 200 wurden teils schwer verletzt.<\/p>\n<\/div>\n","protected":false},"excerpt":{"rendered":"<p>Berlin (epd). Die Ratsvorsitzende der Evangelischen Kirche in Deutschland, Kirsten Fehrs, hat nach der Amokfahrt auf dem Magdeburger Weihnachtsmarkt davor<\/p>\n","protected":false},"author":2,"featured_media":7619,"comment_status":"closed","ping_status":"closed","sticky":false,"template":"","format":"standard","meta":{"footnotes":""},"categories":[20],"tags":[],"_links":{"self":[{"href":"https:\/\/krankenhauspfarramt.de\/index.php\/wp-json\/wp\/v2\/posts\/7618"}],"collection":[{"href":"https:\/\/krankenhauspfarramt.de\/index.php\/wp-json\/wp\/v2\/posts"}],"about":[{"href":"https:\/\/krankenhauspfarramt.de\/index.php\/wp-json\/wp\/v2\/types\/post"}],"author":[{"embeddable":true,"href":"https:\/\/krankenhauspfarramt.de\/index.php\/wp-json\/wp\/v2\/users\/2"}],"replies":[{"embeddable":true,"href":"https:\/\/krankenhauspfarramt.de\/index.php\/wp-json\/wp\/v2\/comments?post=7618"}],"version-history":[{"count":1,"href":"https:\/\/krankenhauspfarramt.de\/index.php\/wp-json\/wp\/v2\/posts\/7618\/revisions"}],"predecessor-version":[{"id":7620,"href":"https:\/\/krankenhauspfarramt.de\/index.php\/wp-json\/wp\/v2\/posts\/7618\/revisions\/7620"}],"wp:featuredmedia":[{"embeddable":true,"href":"https:\/\/krankenhauspfarramt.de\/index.php\/wp-json\/wp\/v2\/media\/7619"}],"wp:attachment":[{"href":"https:\/\/krankenhauspfarramt.de\/index.php\/wp-json\/wp\/v2\/media?parent=7618"}],"wp:term":[{"taxonomy":"category","embeddable":true,"href":"https:\/\/krankenhauspfarramt.de\/index.php\/wp-json\/wp\/v2\/categories?post=7618"},{"taxonomy":"post_tag","embeddable":true,"href":"https:\/\/krankenhauspfarramt.de\/index.php\/wp-json\/wp\/v2\/tags?post=7618"}],"curies":[{"name":"wp","href":"https:\/\/api.w.org\/{rel}","templated":true}]}}