{"id":7680,"date":"2025-01-20T13:51:27","date_gmt":"2025-01-20T13:51:27","guid":{"rendered":"https:\/\/krankenhauspfarramt.de\/index.php\/2025\/01\/20\/gebetswoche-fuer-einheit-der-christen-eroeffnet-ekd\/"},"modified":"2025-01-20T13:51:28","modified_gmt":"2025-01-20T13:51:28","slug":"gebetswoche-fuer-einheit-der-christen-eroeffnet-ekd","status":"publish","type":"post","link":"https:\/\/krankenhauspfarramt.de\/index.php\/2025\/01\/20\/gebetswoche-fuer-einheit-der-christen-eroeffnet-ekd\/","title":{"rendered":"Gebetswoche f\u00fcr Einheit der Christen er\u00f6ffnet \u2013 EKD"},"content":{"rendered":"<p> <br \/>\n<\/p>\n<div id=\"\">\n<p>In acht Tagesmeditationen werden zentrale Aussagen des Glaubensbekenntnisses von Niz\u00e4a aus dem Jahr 325 hervorgehoben. Vor 1.700 Jahren fand in Niz\u00e4a in der heutigen T\u00fcrkei das erste \u00f6kumenische Konzil der Welt statt, das als Schl\u00fcsselmoment in der Geschichte des christlichen Glaubens gilt.<\/p>\n<p>Der scheidende Vorsitzende der Arbeitsgemeinschaft Christlicher Kirchen in Deutschland (ACK), der orthodoxe Erzpriester Radu Constantin Miron, rief dazu auf, trotz fortschreitender S\u00e4kularisierung nicht den Glauben zu verlieren. Es sei legitim, dass sich das Christentum immer wieder anders pr\u00e4sentiere und gestalte, \u201esolange wir den Kern, den Mittelpunkt unseres Glaubens, nicht vernachl\u00e4ssigen oder gar vergessen\u201c, sagte er laut Redetext in seiner Predigt.<\/p>\n<p>Miron unterstrich zudem die Bedeutung der \u00d6kumene: Was die christlichen Kirchen eine, sei viel mehr und viel wichtiger als das, was sie trenne. An dem Gottesdienst waren Vertreterinnen und Vertreter von zw\u00f6lf verschiedenen Kirchen beteiligt, darunter der katholische Ruhrbischof Franz-Josef Overbeck und der Pr\u00e4ses der Evangelischen Kirche im Rheinland, Thorsten Latzel.<\/p>\n<p>Bei einem anschlie\u00dfenden Empfang betonte Essens Oberb\u00fcrgermeister Thomas Kufen (CDU), in einer Zeit wachsender gesellschaftlicher Spaltungen setze die Gebetswoche ein wichtiges Zeichen f\u00fcr Zusammenhalt und gegenseitiges Verst\u00e4ndnis. Sie erm\u00f6gliche es den Beteiligten, \u201evoneinander zu lernen und die Vielfalt des christlichen Glaubens als Bereicherung zu erleben\u201c, erkl\u00e4rte er laut Redetext.<\/p>\n<p>Die Materialien der Gebetswoche wurden von den Br\u00fcdern und Schwestern der Klostergemeinschaft Bose in Norditalien vorbereitet. Im kommenden Jahr wird die Gebetswoche f\u00fcr die Einheit der Christen vom 18. bis 25. Januar begangen. Die Texte kommen dann aus Armenien.<\/p>\n<p>Zur 1948 gegr\u00fcndeten Arbeitsgemeinschaft Christlicher Kirchen in Deutschland geh\u00f6ren 18 Kirchen unterschiedlicher Traditionen. Weitere sieben Kirchen sind Gastmitglieder und f\u00fcnf \u00f6kumenische Organisationen haben Beobachterstatus. Zu den Schwerpunkten der ACK-Arbeit geh\u00f6ren gemeinsames Gebet und der Kontakt zu anderen \u00f6kumenischen Organisationen.<\/p>\n<\/div>\n","protected":false},"excerpt":{"rendered":"<p>In acht Tagesmeditationen werden zentrale Aussagen des Glaubensbekenntnisses von Niz\u00e4a aus dem Jahr 325 hervorgehoben. Vor 1.700 Jahren fand in<\/p>\n","protected":false},"author":2,"featured_media":7681,"comment_status":"closed","ping_status":"closed","sticky":false,"template":"","format":"standard","meta":{"footnotes":""},"categories":[20],"tags":[],"_links":{"self":[{"href":"https:\/\/krankenhauspfarramt.de\/index.php\/wp-json\/wp\/v2\/posts\/7680"}],"collection":[{"href":"https:\/\/krankenhauspfarramt.de\/index.php\/wp-json\/wp\/v2\/posts"}],"about":[{"href":"https:\/\/krankenhauspfarramt.de\/index.php\/wp-json\/wp\/v2\/types\/post"}],"author":[{"embeddable":true,"href":"https:\/\/krankenhauspfarramt.de\/index.php\/wp-json\/wp\/v2\/users\/2"}],"replies":[{"embeddable":true,"href":"https:\/\/krankenhauspfarramt.de\/index.php\/wp-json\/wp\/v2\/comments?post=7680"}],"version-history":[{"count":1,"href":"https:\/\/krankenhauspfarramt.de\/index.php\/wp-json\/wp\/v2\/posts\/7680\/revisions"}],"predecessor-version":[{"id":7682,"href":"https:\/\/krankenhauspfarramt.de\/index.php\/wp-json\/wp\/v2\/posts\/7680\/revisions\/7682"}],"wp:featuredmedia":[{"embeddable":true,"href":"https:\/\/krankenhauspfarramt.de\/index.php\/wp-json\/wp\/v2\/media\/7681"}],"wp:attachment":[{"href":"https:\/\/krankenhauspfarramt.de\/index.php\/wp-json\/wp\/v2\/media?parent=7680"}],"wp:term":[{"taxonomy":"category","embeddable":true,"href":"https:\/\/krankenhauspfarramt.de\/index.php\/wp-json\/wp\/v2\/categories?post=7680"},{"taxonomy":"post_tag","embeddable":true,"href":"https:\/\/krankenhauspfarramt.de\/index.php\/wp-json\/wp\/v2\/tags?post=7680"}],"curies":[{"name":"wp","href":"https:\/\/api.w.org\/{rel}","templated":true}]}}