{"id":769,"date":"2020-04-02T15:51:11","date_gmt":"2020-04-02T15:51:11","guid":{"rendered":"https:\/\/krankenhauspfarramt.de\/index.php\/2020\/04\/02\/glocken-laeuten-deutschlandweit-zu-ostern-ekd\/"},"modified":"2020-04-02T15:51:12","modified_gmt":"2020-04-02T15:51:12","slug":"glocken-laeuten-deutschlandweit-zu-ostern-ekd","status":"publish","type":"post","link":"https:\/\/krankenhauspfarramt.de\/index.php\/2020\/04\/02\/glocken-laeuten-deutschlandweit-zu-ostern-ekd\/","title":{"rendered":"Glocken l\u00e4uten deutschlandweit zu Ostern \u2013 EKD"},"content":{"rendered":"<p> <br \/>\n<\/p>\n<div id=\"\">\n<p>Die katholischen und evangelischen Kirchengemeinden sind eingeladen, mit einem \u00f6kumenischen Glockenl\u00e4uten ein Zeichen der Zuversicht in Zeiten der Corona-Pandemie zu setzen. \u201eMit den Glocken am Palmsonntag l\u00e4uten wir gemeinsam die Karwoche ein. Das Glockenl\u00e4uten am Osterfest dr\u00fcckt die Freude \u00fcber die Botschaft von Ostern aus: Der Tod hat keine Macht \u00fcber das Leben. Gerade in dieser dramatischen Zeit der Corona-Pandemie wollen wir als Christinnen und Christen mit dem Glockenl\u00e4uten und der Freude \u00fcber das Osterfest Hoffnung vermitteln\u201c, so der Ratsvorsitzende der Evangelischen Kirche in Deutschland (EKD), Landesbischof Heinrich Bedford-Strohm.<\/p>\n<p>Gemeinsam mit der Deutschen Bischofskonferenz wurden folgende Zeiten f\u00fcr ein \u00f6kumenisches Glockenl\u00e4uten verabredet:<\/p>\n<ul>\n<li>am Abend des Palmsonntags (5. April) um 19.30 Uhr zu Beginn der Karwoche<\/li>\n<li>am Ostersonntag (12. April) um 12.00 Uhr<\/li>\n<\/ul>\n<p>In den vergangenen Tagen hatte ein Austausch zwischen der Deutschen Bischofskonferenz und den Bist\u00fcmern sowie dem Kirchenamt der EKD und den 20 Landeskirchen stattgefunden, wie ein gemeinsames Osterl\u00e4uten aussehen kann. \u201eWir freuen uns, dass viele Bist\u00fcmer und Landeskirchen mitmachen werden. So wird am h\u00f6chsten Fest der Christen ein Klangteppich \u00fcber unserem Land liegen, der ausdr\u00fcckt: Niemand ist allein, denn Ostern findet statt\u201c, so Bedford-Strohm und Bischof Dr. Georg B\u00e4tzing, Vorsitzender der Deutschen Bischofskonferenz.<\/p>\n<h3>Kirchenkonferenz legt Zeiten f\u00fcr gemeinsames L\u00e4uten fest<\/h3>\n<p><span style=\"line-height:115%\">\u201e<\/span>Glocken erreichen die Ohren und Herzen sehr vieler Menschen, auch bei den aktuell strikten Ausgangsbeschr\u00e4nkungen<span style=\"line-height:115%\">\u201c<\/span>, sagt  Kirsten Fehrs, Bisch\u00f6fin im Sprengel Hamburg und L\u00fcbeck. <span style=\"line-height:115%\">\u201e<\/span>Wer h\u00f6rt, geh\u00f6rt schon dazu.<span style=\"line-height:115%\">\u201c<\/span>\u00a0Wie in der Nordkirche rufen die evangelischen Landeskirchen und Gemeinden \u00fcberall in Deutschland durch regelm\u00e4\u00dfiges Glockenl\u00e4uten zum Innehalten, zur Andacht und zum Gebet auf.<\/p>\n<p>Die Kirchenkonferenz der EKD hat sich auf folgende Zeiten f\u00fcr gemeinsames L\u00e4uten zu Karfreitag und Ostern geeinigt:<\/p>\n<ul>\n<li>an Karfreitag l\u00e4utet die Sterbeglocke zur Todesstunde Christi um 15 Uhr,<\/li>\n<li>am Ostersonntag erklingt das volle Festgel\u00e4ut zur Auferstehung zur jeweils \u00f6rtlichen Zeit des Hauptgottesdienstes sowie zu einem langanhaltenden \u00f6kumenischen Gel\u00e4ut um 12 Uhr<\/li>\n<\/ul>\n<p>Dar\u00fcber hinaus soll fortlaufend w\u00f6chentlich zu den sonnt\u00e4glichen Hauptgottesdienstzeiten gel\u00e4utet werden sowie zu zus\u00e4tzlichen regional verabredeten Zeiten.<\/p>\n<\/div>\n","protected":false},"excerpt":{"rendered":"<p>Die katholischen und evangelischen Kirchengemeinden sind eingeladen, mit einem \u00f6kumenischen Glockenl\u00e4uten ein Zeichen der Zuversicht in Zeiten der Corona-Pandemie zu<\/p>\n","protected":false},"author":1,"featured_media":770,"comment_status":"closed","ping_status":"closed","sticky":false,"template":"","format":"standard","meta":{"footnotes":""},"categories":[20],"tags":[],"_links":{"self":[{"href":"https:\/\/krankenhauspfarramt.de\/index.php\/wp-json\/wp\/v2\/posts\/769"}],"collection":[{"href":"https:\/\/krankenhauspfarramt.de\/index.php\/wp-json\/wp\/v2\/posts"}],"about":[{"href":"https:\/\/krankenhauspfarramt.de\/index.php\/wp-json\/wp\/v2\/types\/post"}],"author":[{"embeddable":true,"href":"https:\/\/krankenhauspfarramt.de\/index.php\/wp-json\/wp\/v2\/users\/1"}],"replies":[{"embeddable":true,"href":"https:\/\/krankenhauspfarramt.de\/index.php\/wp-json\/wp\/v2\/comments?post=769"}],"version-history":[{"count":1,"href":"https:\/\/krankenhauspfarramt.de\/index.php\/wp-json\/wp\/v2\/posts\/769\/revisions"}],"predecessor-version":[{"id":771,"href":"https:\/\/krankenhauspfarramt.de\/index.php\/wp-json\/wp\/v2\/posts\/769\/revisions\/771"}],"wp:featuredmedia":[{"embeddable":true,"href":"https:\/\/krankenhauspfarramt.de\/index.php\/wp-json\/wp\/v2\/media\/770"}],"wp:attachment":[{"href":"https:\/\/krankenhauspfarramt.de\/index.php\/wp-json\/wp\/v2\/media?parent=769"}],"wp:term":[{"taxonomy":"category","embeddable":true,"href":"https:\/\/krankenhauspfarramt.de\/index.php\/wp-json\/wp\/v2\/categories?post=769"},{"taxonomy":"post_tag","embeddable":true,"href":"https:\/\/krankenhauspfarramt.de\/index.php\/wp-json\/wp\/v2\/tags?post=769"}],"curies":[{"name":"wp","href":"https:\/\/api.w.org\/{rel}","templated":true}]}}