{"id":7718,"date":"2025-01-24T16:24:25","date_gmt":"2025-01-24T16:24:25","guid":{"rendered":"https:\/\/krankenhauspfarramt.de\/index.php\/2025\/01\/24\/christlicher-glaube-und-antisemitismus-sind-unvereinbar-ekd\/"},"modified":"2025-01-24T16:24:27","modified_gmt":"2025-01-24T16:24:27","slug":"christlicher-glaube-und-antisemitismus-sind-unvereinbar-ekd","status":"publish","type":"post","link":"https:\/\/krankenhauspfarramt.de\/index.php\/2025\/01\/24\/christlicher-glaube-und-antisemitismus-sind-unvereinbar-ekd\/","title":{"rendered":"\u201eChristlicher Glaube und Antisemitismus sind unvereinbar\u201c \u2013 EKD"},"content":{"rendered":"<p> <br \/>\n<\/p>\n<div id=\"\">\n<div class=\"article--meta article--meta__border clearfix\">\n<p>                                    <time datetime=\"24.01.2025 14:00\" class=\"article--time\">24.01.2025<\/time><\/p>\n<p>                                     <strong class=\"article--type primus--overline\">Pressemitteilung<\/strong><\/p>\n<picture class=\"article--source-image image\"><source srcset=\"https:\/\/www.ekd.de\/ekd_de\/ds_img\/assets\/20170622_ekd-Quellenlogo_141_rdax_423x118.png\"><!--<source srcset=\"\/ekd_de\/ds_img\/assets\/20170622_ekd-Quellenlogo_141_rdax_141x39.png 1x, \/ekd_de\/ds_img\/assets\/20170622_ekd-Quellenlogo_141_rdax_282x78.png 2x, https:\/\/www.ekd.de\/ekd_de\/ds_img\/assets\/20170622_ekd-Quellenlogo_141_rdax_423x118.png 3x\">--><\/p>\n<p>    <\/source><\/picture>\n<\/p><\/div>\n<h2 class=\"article--sub-headline primus--sub-headline\">80. Jahrestag der Befreiung des Konzentrationslagers Auschwitz:   EKD-Spitze gedenkt der Millionen im Holocaust ermordeten Menschen<\/h2>\n<\/p><\/div>\n<div id=\"\">\n<p>Die Ratsvorsitzende der Evangelischen Kirche in Deutschland (EKD), Bisch\u00f6fin Kirsten Fehrs, und die Pr\u00e4ses der Synode, Anna-Nicole Heinrich, haben anl\u00e4sslich des 80. Jahrestages der Befreiung des Konzentrationslagers von Auschwitz (27.\u00a0Januar) an das durch die Verbrechen der Nazis verursachte millionenfache Leid von J\u00fcdinnen und Juden, Sinti und Roma und anderen Verfolgten erinnert. Gleichzeitig riefen sie dazu auf, jeder Form von Antisemitismus, Antiziganismus und Ausgrenzung entschieden entgegenzutreten.<\/p>\n<p>\u201eDie Trauer um die Millionen ermordeten Menschen, um zerst\u00f6rte Leben und Lebensentw\u00fcrfe ist f\u00fcr uns immer auch verbunden mit dem entschiedenen \u201aNie wieder\u2018\u201c, so die Ratsvorsitzende. \u201e80 Jahre nach der Befreiung von Auschwitz beobachten wir ein Wiedererstarken von Antisemitismus in Deutschland und eine Zunahme antisemitischer Gewalttaten. Dass die damalige Gesellschaft die Schreckensherrschaft der Nationalsozialisten und deren bestialische Brutalit\u00e4t nicht aufgehalten hat, mahnt uns alle dazu, mutig und wachsam zu sein, bei jedem Anlass, bei jeder Gelegenheit: Gewalt braucht klare Widerworte, nicht erst dann, wenn sie handgreiflich wird\u201c, so Bisch\u00f6fin Fehrs. \u201eAuch die Kirchen h\u00e4tten damals mutiger widerstehen, klarer widersprechen und inst\u00e4ndiger beten m\u00fcssen. Heute gedenken, erinnern und vergegenw\u00e4rtigen wir, damit die unglaublichen Verbrechen und die Bestialit\u00e4t des Regimes niemals vergessen und verschwiegen oder verharmlost werden.\u201c<\/p>\n<p>EKD-Synodenpr\u00e4ses Anna-Nicole Heinrich unterstreicht: \u201eDas Erinnern an den Holocaust ist schmerzhaft. Auch deshalb, weil die christlichen Kirchen dem Faschismus der Nazis nur in Ausnahmef\u00e4llen widerst\u00e4ndig entgegengestanden haben.\u201c Nur wenige seien \u201edem Rad selbst in die Speichen gefallen\u201c, wie Dietrich Bonhoeffer es als seine Pflicht gesehen habe. \u201eBonhoeffers Worte mahnen auch heute dazu, miteinander der Gew\u00f6hnung an das B\u00f6se zu widerstehen. Ich glaube, niemand wird mutig geboren. Aber wir alle k\u00f6nnen es werden, wenn wir uns aufr\u00fctteln lassen. Wir d\u00fcrfen nicht Teil der schweigenden Masse sein, sondern m\u00fcssen uns immer wieder fragen, ob wir genug Widerstand leisten, wenn Menschenw\u00fcrde und Demokratie angegriffen werden.\u201c<\/p>\n<p>Bisch\u00f6fin Fehrs und Pr\u00e4ses Heinrich bekr\u00e4ftigten erneut die klare Haltung der EKD, dass christlicher Glaube und Antisemitismus unvereinbar sind, und Antisemitismus eine Form der Gottesl\u00e4sterung ist. Die Ratsvorsitzende nimmt zusammen mit weiteren Vertreter:innen der EKD am 29. Februar an der Gedenkstunde f\u00fcr die Opfer des Nationalsozialismus im Deutschen Bundestag teil.<\/p>\n<p>Im November 2023 hatte die Synode der EKD eine \u00f6ffentliche Initiative gegen Antisemitismus beschlossen. Auf der Themenseite www.ekd.de\/antisemitismus wird in kurzen, verst\u00e4ndlichen Texten u. a. erkl\u00e4rt, welche Rolle das Christentum im Antisemitismus spielt, wie sich Antisemitismus \u00e4u\u00dfert und was man dagegen tun kann. Neben einem Profilbildgenerator sind unter www.ekd.de\/material-antisemitismus kostenfreie Materialien mit einem klaren Statement gegen Antisemitismus zum Bestellen, Downloaden und Teilen erh\u00e4ltlich.<\/p>\n<p>\u00a0<\/p>\n<\/div>\n<div id=\"\">\n    <!-- Test for teaser --><br \/>\n    <!--Val: 1 --><\/p>\n<p>                    \t    <!-- SRC:  --><\/p>\n<aside class=\"article--aside quintus teaser teaser__related rs_skip rs_preserve\">\n<div class=\"teaser--article teaser--content\">\n<figure class=\"teaser--image\">\n                                                    <picture><source media=\"(max-width:935px)\" srcset=\"https:\/\/www.ekd.de\/ekd_de\/ds_img\/assets_1875_x\/08%20-%20EKD%20-%20Kirche%20gegen%20Antisemitismus_rdax_625x352_60s.jpg 1x, https:\/\/www.ekd.de\/ekd_de\/ds_img\/assets_1875_x\/08%20-%20EKD%20-%20Kirche%20gegen%20Antisemitismus_rdax_1250x704_60s.jpg 2x, https:\/\/www.ekd.de\/ekd_de\/ds_img\/assets_1875_x\/08%20-%20EKD%20-%20Kirche%20gegen%20Antisemitismus_rdax_60s.jpg 3x\"><source media=\"(min-width:934px)\" srcset=\"https:\/\/www.ekd.de\/ekd_de\/ds_img\/assets_1875_x\/08%20-%20EKD%20-%20Kirche%20gegen%20Antisemitismus_rdax_360x203_70s.jpg 1x, https:\/\/www.ekd.de\/ekd_de\/ds_img\/assets_1875_x\/08%20-%20EKD%20-%20Kirche%20gegen%20Antisemitismus_rdax_720x406_70s.jpg 2x, https:\/\/www.ekd.de\/ekd_de\/ds_img\/assets_1875_x\/08%20-%20EKD%20-%20Kirche%20gegen%20Antisemitismus_rdax_1080x608_70s.jpg 3x\"><img decoding=\"async\" src=\"https:\/\/www.ekd.de\/ekd_de\/ds_img\/assets_1875_x\/08%20-%20EKD%20-%20Kirche%20gegen%20Antisemitismus_rdax_625x352_60s.jpg\" alt=\"Schriftzug Gegen Antisemitismus\"\/><br \/>\n                                                    <\/source><\/source><\/picture><figcaption\/>\n                                                <\/figure>\n<p class=\"quintus--text teaser--text\">\u201eChristlicher Glaube und Antisemitismus sind unvereinbar\u201c \u2212 das hat die Synode der EKD in einem Beschluss bekr\u00e4ftigt. Doch was ist Antisemitismus genau, wie \u00e4u\u00dfert er sich und welche Haltung nimmt die Evangelische Kirche in Deutschland dazu ein? Informationen dazu finden Sie hier.<\/p>\n<\/p><\/div>\n<\/aside>\n<div class=\"article--content\">\n<p>Hannover, 24. Januar 2025<\/p>\n<p>Pressestelle der EKD<br \/>Carsten Splitt<\/p>\n<\/p><\/div>\n<\/div>\n","protected":false},"excerpt":{"rendered":"<p>24.01.2025 Pressemitteilung 80. Jahrestag der Befreiung des Konzentrationslagers Auschwitz: EKD-Spitze gedenkt der Millionen im Holocaust ermordeten Menschen Die Ratsvorsitzende der<\/p>\n","protected":false},"author":2,"featured_media":7719,"comment_status":"closed","ping_status":"closed","sticky":false,"template":"","format":"standard","meta":{"footnotes":""},"categories":[20],"tags":[],"_links":{"self":[{"href":"https:\/\/krankenhauspfarramt.de\/index.php\/wp-json\/wp\/v2\/posts\/7718"}],"collection":[{"href":"https:\/\/krankenhauspfarramt.de\/index.php\/wp-json\/wp\/v2\/posts"}],"about":[{"href":"https:\/\/krankenhauspfarramt.de\/index.php\/wp-json\/wp\/v2\/types\/post"}],"author":[{"embeddable":true,"href":"https:\/\/krankenhauspfarramt.de\/index.php\/wp-json\/wp\/v2\/users\/2"}],"replies":[{"embeddable":true,"href":"https:\/\/krankenhauspfarramt.de\/index.php\/wp-json\/wp\/v2\/comments?post=7718"}],"version-history":[{"count":1,"href":"https:\/\/krankenhauspfarramt.de\/index.php\/wp-json\/wp\/v2\/posts\/7718\/revisions"}],"predecessor-version":[{"id":7720,"href":"https:\/\/krankenhauspfarramt.de\/index.php\/wp-json\/wp\/v2\/posts\/7718\/revisions\/7720"}],"wp:featuredmedia":[{"embeddable":true,"href":"https:\/\/krankenhauspfarramt.de\/index.php\/wp-json\/wp\/v2\/media\/7719"}],"wp:attachment":[{"href":"https:\/\/krankenhauspfarramt.de\/index.php\/wp-json\/wp\/v2\/media?parent=7718"}],"wp:term":[{"taxonomy":"category","embeddable":true,"href":"https:\/\/krankenhauspfarramt.de\/index.php\/wp-json\/wp\/v2\/categories?post=7718"},{"taxonomy":"post_tag","embeddable":true,"href":"https:\/\/krankenhauspfarramt.de\/index.php\/wp-json\/wp\/v2\/tags?post=7718"}],"curies":[{"name":"wp","href":"https:\/\/api.w.org\/{rel}","templated":true}]}}