{"id":7751,"date":"2025-02-01T13:23:55","date_gmt":"2025-02-01T13:23:55","guid":{"rendered":"https:\/\/krankenhauspfarramt.de\/index.php\/2025\/02\/01\/bischoefin-fehrs-wuerdigt-horst-koehlers-einsatz-fuer-gerechtigkeit-ekd\/"},"modified":"2025-02-01T13:23:56","modified_gmt":"2025-02-01T13:23:56","slug":"bischoefin-fehrs-wuerdigt-horst-koehlers-einsatz-fuer-gerechtigkeit-ekd","status":"publish","type":"post","link":"https:\/\/krankenhauspfarramt.de\/index.php\/2025\/02\/01\/bischoefin-fehrs-wuerdigt-horst-koehlers-einsatz-fuer-gerechtigkeit-ekd\/","title":{"rendered":"Bisch\u00f6fin Fehrs w\u00fcrdigt Horst K\u00f6hlers Einsatz f\u00fcr Gerechtigkeit \u2013 EKD"},"content":{"rendered":"<p> <br \/>\n<\/p>\n<div id=\"\">\n<div class=\"article--meta article--meta__border clearfix\">\n<p>                                    <time datetime=\"01.02.2025 10:00\" class=\"article--time\">01.02.2025<\/time><\/p>\n<p>                                     <strong class=\"article--type primus--overline\">Pressemitteilung<\/strong><\/p>\n<picture class=\"article--source-image image\"><source srcset=\"https:\/\/www.ekd.de\/ekd_de\/ds_img\/assets\/20170622_ekd-Quellenlogo_141_rdax_423x118.png\"><!--<source srcset=\"\/ekd_de\/ds_img\/assets\/20170622_ekd-Quellenlogo_141_rdax_141x39.png 1x, \/ekd_de\/ds_img\/assets\/20170622_ekd-Quellenlogo_141_rdax_282x78.png 2x, https:\/\/www.ekd.de\/ekd_de\/ds_img\/assets\/20170622_ekd-Quellenlogo_141_rdax_423x118.png 3x\">--><\/p>\n<p>    <\/source><\/picture>\n<\/p><\/div>\n<h2 class=\"article--sub-headline primus--sub-headline\">EKD erinnert an verstorbenen ehemaligen Bundespr\u00e4sidenten: Mensch und Politiker mit beeindruckender Weitsicht<\/h2>\n<\/p><\/div>\n<div id=\"\">\n<p>Die Ratsvorsitzende der Evangelischen Kirche in Deutschland (EKD), Bisch\u00f6fin Kirsten Fehrs, hat den verstorbenen ehemaligen Bundespr\u00e4sidenten Horst K\u00f6hler, als \u201ePolitiker und Mensch mit weitem Herzen und klugem Verstand\u201c gew\u00fcrdigt, \u201evor allem aber seine beeindruckende Weitsicht zeichnete ihn aus.\u201c K\u00f6hler habe sich mit vollem Engagement dem Zusammenhalt unserer Gesellschaft gewidmet, dabei aber immer auch eine Sicht auf die weltweiten Herausforderungen gehabt.\u00a0<\/p>\n<p>\u201eMit unbestechlichem Gerechtigkeitssinn hat Horst K\u00f6hler vehement die Notwendigkeit der \u00dcberwindung von Armut und Unterentwicklung in Afrika angemahnt\u201c, so Bisch\u00f6fin Fehrs. \u201eAls \u00d6konom war Horst K\u00f6hler in seinem Handeln und Denken \u00fcberzeugt davon, dass Wohlstand nur dann m\u00f6glich ist, wenn es auch der weltweiten Gemeinschaft gut geht, wenn wir uns umeinander k\u00fcmmern. Der christliche Wert der N\u00e4chstenliebe war f\u00fcr ihn dabei im pers\u00f6nlichen, wie im politischen Handeln eine klare Leitplanke.\u201c<\/p>\n<p>Der Politiker und \u00d6konom war von 2004 bis 2010 der neunte Bundespr\u00e4sident der Bundesrepublik Deutschland. Im Jahr 2015 hat der Rat der EKD Horst K\u00f6hler gemeinsam mit seiner Frau mit der Martin-Luther-Medaille ausgezeichnet. Mit der Auszeichnung w\u00fcrdigte der Rat der EKD das Ehepaar K\u00f6hler f\u00fcr ihr gemeinsames politisches und soziales Engagement in und f\u00fcr Afrika. K\u00f6hler hatte als Bundespr\u00e4sident im Jahr 2005 die Initiative \u201ePartnerschaft mit Afrika\u201c gegr\u00fcndet.\u00a0<\/p>\n<p>\u201eWir sind dankbar f\u00fcr das Engagement von Bundespr\u00e4sident Horst K\u00f6hler f\u00fcr unsere und die weltweite\u00a0Gemeinschaft, bei dem er in allen politischen Erw\u00e4gungen und notwendigen Auseinandersetzungen eine Orientierung im Evangelium gefunden hat. Unsere Gedanken und Gebete gehen zu seiner Frau und Familie. M\u00f6ge der Lehrtext des heutigen Tages allen Trost sein, die um ihn trauern: Dazu ist Christus gestorben und wieder lebendig geworden, dass er \u00fcber Tote und Lebende Herr sei (R\u00f6mer 14,9).\u201c<\/p>\n<p>Hannover, 1. Februar 2025<\/p>\n<p>Pressestelle der EKD<br \/>Carsten Splitt<\/p>\n<\/div>\n","protected":false},"excerpt":{"rendered":"<p>01.02.2025 Pressemitteilung EKD erinnert an verstorbenen ehemaligen Bundespr\u00e4sidenten: Mensch und Politiker mit beeindruckender Weitsicht Die Ratsvorsitzende der Evangelischen Kirche in<\/p>\n","protected":false},"author":2,"featured_media":7752,"comment_status":"closed","ping_status":"closed","sticky":false,"template":"","format":"standard","meta":{"footnotes":""},"categories":[20],"tags":[],"_links":{"self":[{"href":"https:\/\/krankenhauspfarramt.de\/index.php\/wp-json\/wp\/v2\/posts\/7751"}],"collection":[{"href":"https:\/\/krankenhauspfarramt.de\/index.php\/wp-json\/wp\/v2\/posts"}],"about":[{"href":"https:\/\/krankenhauspfarramt.de\/index.php\/wp-json\/wp\/v2\/types\/post"}],"author":[{"embeddable":true,"href":"https:\/\/krankenhauspfarramt.de\/index.php\/wp-json\/wp\/v2\/users\/2"}],"replies":[{"embeddable":true,"href":"https:\/\/krankenhauspfarramt.de\/index.php\/wp-json\/wp\/v2\/comments?post=7751"}],"version-history":[{"count":1,"href":"https:\/\/krankenhauspfarramt.de\/index.php\/wp-json\/wp\/v2\/posts\/7751\/revisions"}],"predecessor-version":[{"id":7753,"href":"https:\/\/krankenhauspfarramt.de\/index.php\/wp-json\/wp\/v2\/posts\/7751\/revisions\/7753"}],"wp:featuredmedia":[{"embeddable":true,"href":"https:\/\/krankenhauspfarramt.de\/index.php\/wp-json\/wp\/v2\/media\/7752"}],"wp:attachment":[{"href":"https:\/\/krankenhauspfarramt.de\/index.php\/wp-json\/wp\/v2\/media?parent=7751"}],"wp:term":[{"taxonomy":"category","embeddable":true,"href":"https:\/\/krankenhauspfarramt.de\/index.php\/wp-json\/wp\/v2\/categories?post=7751"},{"taxonomy":"post_tag","embeddable":true,"href":"https:\/\/krankenhauspfarramt.de\/index.php\/wp-json\/wp\/v2\/tags?post=7751"}],"curies":[{"name":"wp","href":"https:\/\/api.w.org\/{rel}","templated":true}]}}