{"id":7754,"date":"2025-02-03T13:09:40","date_gmt":"2025-02-03T13:09:40","guid":{"rendered":"https:\/\/krankenhauspfarramt.de\/index.php\/2025\/02\/03\/ex-bundespraesident-horst-koehler-mit-81-jahren-gestorben-ekd\/"},"modified":"2025-02-03T13:09:42","modified_gmt":"2025-02-03T13:09:42","slug":"ex-bundespraesident-horst-koehler-mit-81-jahren-gestorben-ekd","status":"publish","type":"post","link":"https:\/\/krankenhauspfarramt.de\/index.php\/2025\/02\/03\/ex-bundespraesident-horst-koehler-mit-81-jahren-gestorben-ekd\/","title":{"rendered":"Ex-Bundespr\u00e4sident Horst K\u00f6hler mit 81 Jahren gestorben \u2013 EKD"},"content":{"rendered":"<p> <br \/>\n<\/p>\n<div>\n<p>Berlin (epd). Der fr\u00fchere Bundespr\u00e4sident Horst K\u00f6hler ist tot. Der 81Jahre alte CDU-Politiker sei am fr\u00fchen Samstagmorgen \u201enach kurzer, schwerer Krankheit im Kreise seiner Familie in Berlin verstorben\u201c, teilte K\u00f6hlers B\u00fcro in Berlin mit.<\/p>\n<p>K\u00f6hler war von Juli 2004 bis zu seinem R\u00fccktritt 2010 Bundespr\u00e4sident der Bundesrepublik Deutschland. Der amtierende Bundespr\u00e4sident Frank-Walter Steinmeier w\u00fcrdigte K\u00f6hler in einem Kondolenzschreiben als \u201eGl\u00fccksfall f\u00fcr das Land\u201c.<\/p>\n<\/p><\/div>\n<div id=\"\">\n<p>Der evangelische Christ Horst K\u00f6hler sei \u00fcberzeugt gewesen, \u201edass ethische Maximen und praktische Politik zusammengeh\u00f6ren und auch zusammenpassen\u201c, sagte Steinmeier. \u201eEr pr\u00e4gte ein frisches Bild Deutschlands als &#8218;Land der Ideen&#8216;, bis heute unvergessen.\u201c Bundeskanzler Olaf Scholz (SPD) nannte K\u00f6hler in einem Post auf der Plattform X \u201eeinen engagierten Politiker, der sich Zeit seines Lebens f\u00fcr eine gerechtere Welt eingesetzt hat\u201c.<\/p>\n<p>Die Ratsvorsitzende der Evangelischen Kirche in Deutschland (EKD), Bisch\u00f6fin Kirsten Fehrs, erkl\u00e4rte, K\u00f6hler sei \u201ePolitiker und Mensch mit weitem Herzen und klugem Verstand\u201c gewesen. Er sei \u00fcberzeugt gewesen, dass Wohlstand nur dann m\u00f6glich sei, wenn es auch der weltweiten Gemeinschaft gut gehe. \u201eDer christliche Wert der N\u00e4chstenliebe war f\u00fcr ihn dabei im pers\u00f6nlichen, wie im politischen Handeln eine klare Leitplanke\u201c, betonte Fehrs.<\/p>\n<p>Der Vorsitzende der katholischen Deutschen Bischofskonferenz, Georg B\u00e4tzing, w\u00fcrdigte K\u00f6hler als einen \u201evision\u00e4ren Staatsmann mit einer \u00fcberzeugenden europ\u00e4ischen Perspektive\u201c. B\u00e4tzing erinnerte an die Verdienste des Verstorbenen f\u00fcr den afrikanischen Kontinent: \u201eAfrika lag Bundespr\u00e4sident K\u00f6hler besonders am Herzen. Wie kaum ein anderer hat er Br\u00fccken zwischen den Kontinenten gebaut.\u201c<\/p>\n<p>Bundeswirtschaftsminister Robert Habeck (Gr\u00fcne) erkl\u00e4rte zum Tod K\u00f6hlers: \u201eGerade in einer Zeit, in der globale Krisen, soziale Spaltung und wirtschaftliche Unsicherheit uns fordern, erinnert uns sein Wirken daran, dass Politik Mut, Weisheit und Haltung braucht.\u201c<\/p>\n<p>\u201eMit ihm verlieren wir einen klugen Kopf, einen aufrichtigen Demokraten und einen Staatsmann, der unser Land gepr\u00e4gt hat\u201c, erkl\u00e4rte der Vorsitzende der Unionsfraktion im Bundestag, Friedrich Merz (CDU), auf der Plattform X. \u201eSein Weitblick und sein Engagement werden uns fehlen.\u201c<\/p>\n<\/div>\n<div id=\"\">\n    <!-- Test for teaser --><br \/>\n    <!--Val: 1 --><\/p>\n<p>                    \t    <!-- SRC:  --><\/p>\n<aside class=\"article--aside quintus teaser teaser__related rs_skip rs_preserve\">\n<div class=\"teaser--article teaser--content\">\n<figure class=\"teaser--image\">\n                                                    <picture><source media=\"(max-width:935px)\" srcset=\"https:\/\/www.ekd.de\/ekd_de\/ds_img\/assets_2835_x\/Horst_K%c3%b6hler_rdax_945x532s.jpg 1x, https:\/\/www.ekd.de\/ekd_de\/ds_img\/assets_2835_x\/Horst_K%c3%b6hler_rdax_1890x1064s.jpg 2x, https:\/\/www.ekd.de\/ekd_de\/ds_img\/assets_2835_x\/Horst_K%c3%b6hler.jpg 3x\"><source media=\"(min-width:934px)\" srcset=\"https:\/\/www.ekd.de\/ekd_de\/ds_img\/assets_2835_x\/Horst_K%c3%b6hler_rdax_945x532s.jpg 1x, https:\/\/www.ekd.de\/ekd_de\/ds_img\/assets_2835_x\/Horst_K%c3%b6hler_rdax_1890x1064s.jpg 2x, https:\/\/www.ekd.de\/ekd_de\/ds_img\/assets_2835_x\/Horst_K%c3%b6hler.jpg 3x\"><\/source><\/source><\/picture><figcaption\/>\n                                                <\/figure>\n<p class=\"quintus--text teaser--text\">Die Ratsvorsitzende der Evangelischen Kirche in Deutschland (EKD), Bisch\u00f6fin Kirsten Fehrs, hat den verstorbenen ehemaligen Bundespr\u00e4sidenten Horst K\u00f6hler gew\u00fcrdigt.<\/p>\n<\/p><\/div>\n<\/aside>\n<div class=\"article--content\">\n<p>Der studierte Wirtschaftswissenschaftler K\u00f6hler begann seine Berufslaufbahn 1969 als wissenschaftlicher Referent am Institut f\u00fcr Angewandte Wirtschaftsforschung in T\u00fcbingen. 1976 wechselte er in die Grundsatzabteilung des Bundeswirtschaftsministeriums. Anfang 1990 wurde K\u00f6hler Staatssekret\u00e4r in dem von Theo Waigel (CSU) gef\u00fchrten Bundesfinanzministerium.<\/p>\n<p>Als Staatssekret\u00e4r \u00fcbernahm K\u00f6hler die Zust\u00e4ndigkeit f\u00fcr die Grundsatzabteilung des Finanzministeriums, die W\u00e4hrungspolitik, die Finanzbeziehungen zur Europ\u00e4ischen Gemeinschaft (EG) und die Treuhandanstalt. Beim Maastricht-Vertrag \u00fcber die Europ\u00e4ische W\u00e4hrungsunion war er Chefunterh\u00e4ndler.<\/p>\n<p>Im Jahr 1993 wechselte K\u00f6hler in die Finanzwelt und wurde Pr\u00e4sident des Deutschen Sparkassen- und Giroverbandes (DSGV), 1998 wurde er zum Pr\u00e4sidenten der Europ\u00e4ischen Bank f\u00fcr Wiederaufbau und Entwicklung gew\u00e4hlt. 2000 wurde er Chef des Internationalen W\u00e4hrungsfonds (IWF).<\/p>\n<p>2004 trat K\u00f6hler als Nachfolger von Johannes Rau das Amt des Bundespr\u00e4sidenten an. Ein Jahr nach seiner erneuten Wahl trat er am 31. Mai 2010 \u00fcberraschend mit sofortiger Wirkung zur\u00fcck &#8211; als erster Bundespr\u00e4sident in der Geschichte der Bundesrepublik.<\/p>\n<p>Als Grund nannte K\u00f6hler die Kritik an seinen \u00c4u\u00dferungen zum Afghanistan-Einsatz der Bundeswehr. Die Unterstellung, er habe einen grundgesetzwidrigen Einsatz der Bundeswehr zur Sicherung von Wirtschaftsinteressen bef\u00fcrwortet, entbehre jeder Rechtfertigung, sagte er. Das lasse den notwendigen Respekt vor dem h\u00f6chsten Staatsamt vermissen.<\/p>\n<\/p><\/div>\n<\/div>\n","protected":false},"excerpt":{"rendered":"<p>Berlin (epd). Der fr\u00fchere Bundespr\u00e4sident Horst K\u00f6hler ist tot. Der 81Jahre alte CDU-Politiker sei am fr\u00fchen Samstagmorgen \u201enach kurzer, schwerer<\/p>\n","protected":false},"author":2,"featured_media":7755,"comment_status":"closed","ping_status":"closed","sticky":false,"template":"","format":"standard","meta":{"footnotes":""},"categories":[20],"tags":[],"_links":{"self":[{"href":"https:\/\/krankenhauspfarramt.de\/index.php\/wp-json\/wp\/v2\/posts\/7754"}],"collection":[{"href":"https:\/\/krankenhauspfarramt.de\/index.php\/wp-json\/wp\/v2\/posts"}],"about":[{"href":"https:\/\/krankenhauspfarramt.de\/index.php\/wp-json\/wp\/v2\/types\/post"}],"author":[{"embeddable":true,"href":"https:\/\/krankenhauspfarramt.de\/index.php\/wp-json\/wp\/v2\/users\/2"}],"replies":[{"embeddable":true,"href":"https:\/\/krankenhauspfarramt.de\/index.php\/wp-json\/wp\/v2\/comments?post=7754"}],"version-history":[{"count":1,"href":"https:\/\/krankenhauspfarramt.de\/index.php\/wp-json\/wp\/v2\/posts\/7754\/revisions"}],"predecessor-version":[{"id":7756,"href":"https:\/\/krankenhauspfarramt.de\/index.php\/wp-json\/wp\/v2\/posts\/7754\/revisions\/7756"}],"wp:featuredmedia":[{"embeddable":true,"href":"https:\/\/krankenhauspfarramt.de\/index.php\/wp-json\/wp\/v2\/media\/7755"}],"wp:attachment":[{"href":"https:\/\/krankenhauspfarramt.de\/index.php\/wp-json\/wp\/v2\/media?parent=7754"}],"wp:term":[{"taxonomy":"category","embeddable":true,"href":"https:\/\/krankenhauspfarramt.de\/index.php\/wp-json\/wp\/v2\/categories?post=7754"},{"taxonomy":"post_tag","embeddable":true,"href":"https:\/\/krankenhauspfarramt.de\/index.php\/wp-json\/wp\/v2\/tags?post=7754"}],"curies":[{"name":"wp","href":"https:\/\/api.w.org\/{rel}","templated":true}]}}