{"id":7757,"date":"2025-02-03T17:28:57","date_gmt":"2025-02-03T17:28:57","guid":{"rendered":"https:\/\/krankenhauspfarramt.de\/index.php\/2025\/02\/03\/bischof-staeblein-ruft-im-streit-ueber-asylpolitik-zu-maessigung-auf-ekd\/"},"modified":"2025-02-03T17:28:58","modified_gmt":"2025-02-03T17:28:58","slug":"bischof-staeblein-ruft-im-streit-ueber-asylpolitik-zu-maessigung-auf-ekd","status":"publish","type":"post","link":"https:\/\/krankenhauspfarramt.de\/index.php\/2025\/02\/03\/bischof-staeblein-ruft-im-streit-ueber-asylpolitik-zu-maessigung-auf-ekd\/","title":{"rendered":"Bischof St\u00e4blein ruft im Streit \u00fcber Asylpolitik zu M\u00e4\u00dfigung auf \u2013 EKD"},"content":{"rendered":"<p> <br \/>\n<\/p>\n<div>\n<p>Die Debatte im Bundestag auch in ihrer Heftigkeit sei gut. \u201eAber es kann nicht gut sein, wenn am Ende Demokratinnen und Demokraten mit Rechtsextremen gemeinsam einen solchen Gesetzesentwurf verabschieden m\u00fcssen\u201c, f\u00fcgte St\u00e4blein hinzu.<\/p>\n<p>Am Freitagnachmittag schien es m\u00f6glich, dass die AfD mit ihren Stimmen einem Gesetzentwurf der Union zur Mehrheit verhilft. Er sieht unter anderem einen Stopp des Kontingents f\u00fcr den Familiennachzug zu Fl\u00fcchtlingen mit sogenanntem subsidi\u00e4ren Schutz vor.<\/p>\n<p>Am Mittwoch war ein Antrag der Union zur Versch\u00e4rfung der Asylpolitik mit Stimmen der FDP und AfD angenommen worden. Der Antrag hat anders als ein verabschiedetes Gesetz keine rechtlich bindende Wirkung. Das Gesetz indes bedarf der Zustimmung des Bundesrates, die nicht zu erwarten ist.<\/p>\n<\/p><\/div>\n","protected":false},"excerpt":{"rendered":"<p>Die Debatte im Bundestag auch in ihrer Heftigkeit sei gut. \u201eAber es kann nicht gut sein, wenn am Ende Demokratinnen<\/p>\n","protected":false},"author":2,"featured_media":7758,"comment_status":"closed","ping_status":"closed","sticky":false,"template":"","format":"standard","meta":{"footnotes":""},"categories":[20],"tags":[],"_links":{"self":[{"href":"https:\/\/krankenhauspfarramt.de\/index.php\/wp-json\/wp\/v2\/posts\/7757"}],"collection":[{"href":"https:\/\/krankenhauspfarramt.de\/index.php\/wp-json\/wp\/v2\/posts"}],"about":[{"href":"https:\/\/krankenhauspfarramt.de\/index.php\/wp-json\/wp\/v2\/types\/post"}],"author":[{"embeddable":true,"href":"https:\/\/krankenhauspfarramt.de\/index.php\/wp-json\/wp\/v2\/users\/2"}],"replies":[{"embeddable":true,"href":"https:\/\/krankenhauspfarramt.de\/index.php\/wp-json\/wp\/v2\/comments?post=7757"}],"version-history":[{"count":1,"href":"https:\/\/krankenhauspfarramt.de\/index.php\/wp-json\/wp\/v2\/posts\/7757\/revisions"}],"predecessor-version":[{"id":7759,"href":"https:\/\/krankenhauspfarramt.de\/index.php\/wp-json\/wp\/v2\/posts\/7757\/revisions\/7759"}],"wp:featuredmedia":[{"embeddable":true,"href":"https:\/\/krankenhauspfarramt.de\/index.php\/wp-json\/wp\/v2\/media\/7758"}],"wp:attachment":[{"href":"https:\/\/krankenhauspfarramt.de\/index.php\/wp-json\/wp\/v2\/media?parent=7757"}],"wp:term":[{"taxonomy":"category","embeddable":true,"href":"https:\/\/krankenhauspfarramt.de\/index.php\/wp-json\/wp\/v2\/categories?post=7757"},{"taxonomy":"post_tag","embeddable":true,"href":"https:\/\/krankenhauspfarramt.de\/index.php\/wp-json\/wp\/v2\/tags?post=7757"}],"curies":[{"name":"wp","href":"https:\/\/api.w.org\/{rel}","templated":true}]}}