{"id":7876,"date":"2025-02-28T15:02:58","date_gmt":"2025-02-28T15:02:58","guid":{"rendered":"https:\/\/krankenhauspfarramt.de\/index.php\/2025\/02\/28\/hohe-auszeichnung-fuer-ehemaligen-praesidenten-der-generalsynode-ekd\/"},"modified":"2025-02-28T15:02:59","modified_gmt":"2025-02-28T15:02:59","slug":"hohe-auszeichnung-fuer-ehemaligen-praesidenten-der-generalsynode-ekd","status":"publish","type":"post","link":"https:\/\/krankenhauspfarramt.de\/index.php\/2025\/02\/28\/hohe-auszeichnung-fuer-ehemaligen-praesidenten-der-generalsynode-ekd\/","title":{"rendered":"Hohe Auszeichnung f\u00fcr ehemaligen Pr\u00e4sidenten der Generalsynode \u2013 EKD"},"content":{"rendered":"<p> <br \/>\n<\/p>\n<div id=\"\">\n<div class=\"article--meta article--meta__border clearfix\">\n<p>                                    <time datetime=\"28.02.2025 12:00\" class=\"article--time\">28.02.2025<\/time><\/p>\n<p>                                     <strong class=\"article--type primus--overline\">Pressemitteilung<\/strong><\/p>\n<picture class=\"article--source-image image\"><source srcset=\"https:\/\/www.ekd.de\/ekd_de\/ds_img\/assets\/velkd.jpg\"><!--<source srcset=\"\/ekd_de\/ds_img\/assets\/velkd_rdax_141x141s.jpg 1x, \/ekd_de\/ds_img\/assets\/velkd_rdax_282x282s.jpg 2x, https:\/\/www.ekd.de\/ekd_de\/ds_img\/assets\/velkd.jpg 3x\">--><\/p>\n<p>    <\/source><\/picture>\n<\/p><\/div>\n<h2 class=\"article--sub-headline primus--sub-headline\">Wilfried Hartmann erhielt im Hamburger Rathaus das Bundesverdienstkreuz Erster Klasse.<\/h2>\n<\/p><\/div>\n<div id=\"\">\n<p>Der langj\u00e4hrige Pr\u00e4sident der Generalsynode der VELKD, Wilfried Hartmann, hat am 27. Februar 2025 im Hamburger Rathaus das Bundesverdienstkreuz Erster Klasse erhalten. Bundespr\u00e4sident Frank-Walter Steinmeier ehrte ihn damit f\u00fcr sein \u00fcber 40-j\u00e4hriges ehrenamtliches Engagement f\u00fcr die evangelische Kirche. Die Auszeichnung \u00fcbergab Staatsrat Jan P\u00f6rksen.<\/p>\n<p>Der Leitende Bischof der VELKD, Ralf Meister, gratulierte: \u201eWilfried Hartmann hat der evangelischen Kirche einen \u00fcberaus gro\u00dfen Dienst erwiesen. Auch die VELKD, deren Generalsynode er von 2009 bis 2021 leitete, hat von ihm sehr profitiert. Er gab wertvolle inhaltliche Impulse, vermittelte bei Konflikten und trieb die Verj\u00fcngung der Synode entscheidend voran. Dass er, ein Vorbild an Bescheidenheit, nun mit der h\u00f6chsten Ehre des Landes ausgezeichnet wird, freut uns au\u00dferordentlich.\u201c<\/p>\n<p>Hartmanns Nachfolger im Amt des Pr\u00e4sidenten der Generalsynode, Matthias Kannengie\u00dfer, sagte: \u201eWilfried Hartmann hat entscheidend dazu beigetragen, dass das ehrgeizige Projekt der verbundenen Synoden-Tagung der drei Kirchenb\u00fcnde EKD (Evangelische Kirche in Deutschland), UEK (Union Evangelischer Kirchen) und VELKD auf einen so guten Weg gekommen ist. Mit Beharrlichkeit und Humor ist es ihm gelungen, Meinungsverschiedenheiten elegant zu \u00fcberbr\u00fccken.\u201c<\/p>\n<p>Wilfried Hartmann, emeritierter Professor f\u00fcr Erziehungswissenschaft aus Hamburg, war seit 2003 Mitglied der Kirchenleitung der VELKD und ab 2009 zw\u00f6lf Jahre lang Pr\u00e4sident ihrer Generalsynode. Bereits 2017 hat die Evangelisch-Lutherische Kirche in Norddeutschland Hartmann f\u00fcr seine Verdienste um das kirchliche Leben die Bugenhagenmedaille verliehen, die h\u00f6chste Auszeichnung f\u00fcr ehrenamtliches Engagement in der Nordkirche.<\/p>\n<p>Ein Foto von der Verleihung kann hier heruntergeladen werden (Credit: Senatskanzlei Hamburg\/Katharina Marten).<\/p>\n<p>Hannover, 28. Februar 2025<\/p>\n<p>Pressestelle der VELKD<br \/>Frank Hofmann<br \/>Pressesprecher<\/p>\n<\/div>\n","protected":false},"excerpt":{"rendered":"<p>28.02.2025 Pressemitteilung Wilfried Hartmann erhielt im Hamburger Rathaus das Bundesverdienstkreuz Erster Klasse. Der langj\u00e4hrige Pr\u00e4sident der Generalsynode der VELKD, Wilfried<\/p>\n","protected":false},"author":2,"featured_media":7504,"comment_status":"closed","ping_status":"closed","sticky":false,"template":"","format":"standard","meta":{"footnotes":""},"categories":[20],"tags":[],"_links":{"self":[{"href":"https:\/\/krankenhauspfarramt.de\/index.php\/wp-json\/wp\/v2\/posts\/7876"}],"collection":[{"href":"https:\/\/krankenhauspfarramt.de\/index.php\/wp-json\/wp\/v2\/posts"}],"about":[{"href":"https:\/\/krankenhauspfarramt.de\/index.php\/wp-json\/wp\/v2\/types\/post"}],"author":[{"embeddable":true,"href":"https:\/\/krankenhauspfarramt.de\/index.php\/wp-json\/wp\/v2\/users\/2"}],"replies":[{"embeddable":true,"href":"https:\/\/krankenhauspfarramt.de\/index.php\/wp-json\/wp\/v2\/comments?post=7876"}],"version-history":[{"count":1,"href":"https:\/\/krankenhauspfarramt.de\/index.php\/wp-json\/wp\/v2\/posts\/7876\/revisions"}],"predecessor-version":[{"id":7877,"href":"https:\/\/krankenhauspfarramt.de\/index.php\/wp-json\/wp\/v2\/posts\/7876\/revisions\/7877"}],"wp:featuredmedia":[{"embeddable":true,"href":"https:\/\/krankenhauspfarramt.de\/index.php\/wp-json\/wp\/v2\/media\/7504"}],"wp:attachment":[{"href":"https:\/\/krankenhauspfarramt.de\/index.php\/wp-json\/wp\/v2\/media?parent=7876"}],"wp:term":[{"taxonomy":"category","embeddable":true,"href":"https:\/\/krankenhauspfarramt.de\/index.php\/wp-json\/wp\/v2\/categories?post=7876"},{"taxonomy":"post_tag","embeddable":true,"href":"https:\/\/krankenhauspfarramt.de\/index.php\/wp-json\/wp\/v2\/tags?post=7876"}],"curies":[{"name":"wp","href":"https:\/\/api.w.org\/{rel}","templated":true}]}}