{"id":7898,"date":"2025-03-07T18:26:28","date_gmt":"2025-03-07T18:26:28","guid":{"rendered":"https:\/\/krankenhauspfarramt.de\/index.php\/2025\/03\/07\/bischof-staeblein-lobt-gefluechteten-hilfe-der-polnischen-kirche-ekd\/"},"modified":"2025-03-07T18:26:29","modified_gmt":"2025-03-07T18:26:29","slug":"bischof-staeblein-lobt-gefluechteten-hilfe-der-polnischen-kirche-ekd","status":"publish","type":"post","link":"https:\/\/krankenhauspfarramt.de\/index.php\/2025\/03\/07\/bischof-staeblein-lobt-gefluechteten-hilfe-der-polnischen-kirche-ekd\/","title":{"rendered":"Bischof St\u00e4blein lobt Gefl\u00fcchteten-Hilfe der polnischen Kirche \u2013 EKD"},"content":{"rendered":"<p> <br \/>\n<\/p>\n<div>\n<p>Zudem sp\u00fcre er eine wachsende Besorgnis angesichts der au\u00dfenpolitischen Unsicherheiten. Das Verhalten der Trump-Administration habe die \u00c4ngste vieler Polinnen und Polen verst\u00e4rkt. Seit Kriegsbeginn in der Ukraine sorgten sie sich, dass Putin kein Einhalt geboten werde und sich das Kriegsgeschehen ausweite. \u201eDas h\u00e4ngt entscheidend davon ab, wie Europa sich in den n\u00e4chsten Wochen und Monaten aufstellt &#8211; vor allem im Blick auf die Ernsthaftigkeit der Hilfe f\u00fcr die Menschen in der Ukraine.\u201c<\/p>\n<p>St\u00e4blein lobte das Engagement der polnischen Diakonie und des Polnischen \u00d6kumenischen Rates, die sich neben ukrainischen Gefl\u00fcchteten schon lange Jahre f\u00fcr Schutzsuchende aus anderen L\u00e4ndern einsetzten. Gleichzeitig verwies er auf historische Spannungen zwischen Polen und der Ukraine, die das Engagement der polnischen Bev\u00f6lkerung umso bemerkenswerter machten. \u201eEs verdient allergr\u00f6\u00dften Respekt, dass die polnischen Kirchen sich trotz dieser wechselhaften Geschichte stark f\u00fcr die ukrainischen Gefl\u00fcchteten einsetzen und enge Partnerschaften mit ukrainischen Kirchengemeinden aufbauen.\u201c<\/p>\n<\/p><\/div>\n","protected":false},"excerpt":{"rendered":"<p>Zudem sp\u00fcre er eine wachsende Besorgnis angesichts der au\u00dfenpolitischen Unsicherheiten. Das Verhalten der Trump-Administration habe die \u00c4ngste vieler Polinnen und<\/p>\n","protected":false},"author":2,"featured_media":7657,"comment_status":"closed","ping_status":"closed","sticky":false,"template":"","format":"standard","meta":{"footnotes":""},"categories":[20],"tags":[],"_links":{"self":[{"href":"https:\/\/krankenhauspfarramt.de\/index.php\/wp-json\/wp\/v2\/posts\/7898"}],"collection":[{"href":"https:\/\/krankenhauspfarramt.de\/index.php\/wp-json\/wp\/v2\/posts"}],"about":[{"href":"https:\/\/krankenhauspfarramt.de\/index.php\/wp-json\/wp\/v2\/types\/post"}],"author":[{"embeddable":true,"href":"https:\/\/krankenhauspfarramt.de\/index.php\/wp-json\/wp\/v2\/users\/2"}],"replies":[{"embeddable":true,"href":"https:\/\/krankenhauspfarramt.de\/index.php\/wp-json\/wp\/v2\/comments?post=7898"}],"version-history":[{"count":1,"href":"https:\/\/krankenhauspfarramt.de\/index.php\/wp-json\/wp\/v2\/posts\/7898\/revisions"}],"predecessor-version":[{"id":7899,"href":"https:\/\/krankenhauspfarramt.de\/index.php\/wp-json\/wp\/v2\/posts\/7898\/revisions\/7899"}],"wp:featuredmedia":[{"embeddable":true,"href":"https:\/\/krankenhauspfarramt.de\/index.php\/wp-json\/wp\/v2\/media\/7657"}],"wp:attachment":[{"href":"https:\/\/krankenhauspfarramt.de\/index.php\/wp-json\/wp\/v2\/media?parent=7898"}],"wp:term":[{"taxonomy":"category","embeddable":true,"href":"https:\/\/krankenhauspfarramt.de\/index.php\/wp-json\/wp\/v2\/categories?post=7898"},{"taxonomy":"post_tag","embeddable":true,"href":"https:\/\/krankenhauspfarramt.de\/index.php\/wp-json\/wp\/v2\/tags?post=7898"}],"curies":[{"name":"wp","href":"https:\/\/api.w.org\/{rel}","templated":true}]}}