{"id":790,"date":"2020-04-03T20:14:41","date_gmt":"2020-04-03T20:14:41","guid":{"rendered":"https:\/\/krankenhauspfarramt.de\/index.php\/2020\/04\/03\/hinweise-zum-umgang-mit-dem-abendmahl-in-der-corona-krise-ekd\/"},"modified":"2020-04-06T14:44:56","modified_gmt":"2020-04-06T14:44:56","slug":"hinweise-zum-umgang-mit-dem-abendmahl-in-der-corona-krise-ekd","status":"publish","type":"post","link":"https:\/\/krankenhauspfarramt.de\/index.php\/2020\/04\/03\/hinweise-zum-umgang-mit-dem-abendmahl-in-der-corona-krise-ekd\/","title":{"rendered":"Hinweise zum Umgang mit dem Abendmahl in der Corona-Krise \u2013 EKD"},"content":{"rendered":"<p> <br \/>\n<\/p>\n<div id=\"\">\n<p><strong>Kaum eine Frage wird gegenw\u00e4rtig im analogen und digitalen Raum theologisch<br \/>so intensiv diskutiert wie die Frage eines angemessenen Umganges mit dem<br \/>Abendmahl in Zeiten des Versammlungsverbotes in unseren Kirchen.<\/strong><\/p>\n<p>Dabei erscheinen drei Fragen in besonderer Weise einer unterschiedlichen Deutung ausgesetzt zu sein:<\/p>\n<ol>\n<li>Was ist unter \u201eNotsituation\u201c zu verstehen?<\/li>\n<li>Wer darf das Abendmahl einsetzen?<\/li>\n<li>Wie ist die \u201ephysische Pr\u00e4senz der Feiernden\u201c zu verstehen?<\/li>\n<\/ol>\n<p>Im der folgenden PDF-Datei werden einige der wesentlichen Argumente aufgef\u00fchrt, die das F\u00fcr und Wider verstehbar machen. Dass diese theologische Diskussion gegenw\u00e4rtig so intensiv gef\u00fchrt wird, ist zugleich ein gutes Zeichen f\u00fcr theologische Leidenschaft, in der wir geschwisterlich verbunden sind.<\/p>\n<p>Mit diesen Hinweisen hoffen wir, in die Vielfalt der Argumente ein paar Linien zu zeichnen, mit denen wir als evangelische Kirche gemeinsam erkennbar werden k\u00f6nnen.<\/p>\n<\/div>\n","protected":false},"excerpt":{"rendered":"<p>Kaum eine Frage wird gegenw\u00e4rtig im analogen und digitalen Raum theologischso intensiv diskutiert wie die Frage eines angemessenen Umganges mit<\/p>\n","protected":false},"author":1,"featured_media":791,"comment_status":"closed","ping_status":"closed","sticky":false,"template":"","format":"standard","meta":{"footnotes":""},"categories":[20],"tags":[],"_links":{"self":[{"href":"https:\/\/krankenhauspfarramt.de\/index.php\/wp-json\/wp\/v2\/posts\/790"}],"collection":[{"href":"https:\/\/krankenhauspfarramt.de\/index.php\/wp-json\/wp\/v2\/posts"}],"about":[{"href":"https:\/\/krankenhauspfarramt.de\/index.php\/wp-json\/wp\/v2\/types\/post"}],"author":[{"embeddable":true,"href":"https:\/\/krankenhauspfarramt.de\/index.php\/wp-json\/wp\/v2\/users\/1"}],"replies":[{"embeddable":true,"href":"https:\/\/krankenhauspfarramt.de\/index.php\/wp-json\/wp\/v2\/comments?post=790"}],"version-history":[{"count":1,"href":"https:\/\/krankenhauspfarramt.de\/index.php\/wp-json\/wp\/v2\/posts\/790\/revisions"}],"predecessor-version":[{"id":792,"href":"https:\/\/krankenhauspfarramt.de\/index.php\/wp-json\/wp\/v2\/posts\/790\/revisions\/792"}],"wp:featuredmedia":[{"embeddable":true,"href":"https:\/\/krankenhauspfarramt.de\/index.php\/wp-json\/wp\/v2\/media\/791"}],"wp:attachment":[{"href":"https:\/\/krankenhauspfarramt.de\/index.php\/wp-json\/wp\/v2\/media?parent=790"}],"wp:term":[{"taxonomy":"category","embeddable":true,"href":"https:\/\/krankenhauspfarramt.de\/index.php\/wp-json\/wp\/v2\/categories?post=790"},{"taxonomy":"post_tag","embeddable":true,"href":"https:\/\/krankenhauspfarramt.de\/index.php\/wp-json\/wp\/v2\/tags?post=790"}],"curies":[{"name":"wp","href":"https:\/\/api.w.org\/{rel}","templated":true}]}}