{"id":7921,"date":"2025-03-12T15:31:06","date_gmt":"2025-03-12T15:31:06","guid":{"rendered":"https:\/\/krankenhauspfarramt.de\/index.php\/2025\/03\/12\/asylvorhaben-von-union-und-spd-koennten-zum-bumerang-werden-ekd\/"},"modified":"2025-03-12T15:31:07","modified_gmt":"2025-03-12T15:31:07","slug":"asylvorhaben-von-union-und-spd-koennten-zum-bumerang-werden-ekd","status":"publish","type":"post","link":"https:\/\/krankenhauspfarramt.de\/index.php\/2025\/03\/12\/asylvorhaben-von-union-und-spd-koennten-zum-bumerang-werden-ekd\/","title":{"rendered":"Asylvorhaben von Union und SPD k\u00f6nnten zum Bumerang werden \u2013 EKD"},"content":{"rendered":"<p> <br \/>\n<\/p>\n<div>\n<p>Berlin (epd). Der Beauftragte der Evangelischen Kirche in Deutschland (EKD) f\u00fcr Fl\u00fcchtlingsfragen, Christian St\u00e4blein, hat die Vereinbarungen von Union und SPD in der Asylpolitik kritisiert. \u201eDas Sondierungspapier zeigt, dass die k\u00fcnftige Koalition in der Migrationspolitik umsetzen will, was die Union im Wahlkampf angek\u00fcndigt hat: Familiennachzug aussetzen, Abschiebehaft ausweiten, humanit\u00e4re Aufnahmeprogramme \u00fcberpr\u00fcfen, Asylsuchende zur\u00fcckweisen\u201c, sagte der Berliner Bischof dem Evangelischen Pressedienst (epd). \u201eMenschlichkeit und Fl\u00fcchtlingsschutz z\u00e4hlen offenbar immer weniger\u201c, erg\u00e4nzte er.<\/p>\n<\/p><\/div>\n<div id=\"\">\n<p>St\u00e4blein sagte, die evangelische Kirche habe wiederholt deutlich gemacht, dass eine solche Politik mit der Menschenw\u00fcrde und den Menschenrechten nicht vereinbar sei. Zudem warnte er davor, dass viele Forderungen bei Einhaltung geltenden Rechts nicht realistisch seien.<\/p>\n<p>Auf diese Weise drohten \u201eVorhaben zum Bumerang zu werden\u201c, sagte St\u00e4blein: \u201eWas lautstark versprochen wird, aber dann nicht umgesetzt werden kann, verst\u00e4rkt am Ende den Eindruck staatlicher Handlungsunf\u00e4higkeit in der Fl\u00fcchtlingspolitik und ist Wasser auf die M\u00fchlen rechtsextremer Politik.\u201c In der erstrebten Balance zwischen Humanit\u00e4t und Ordnung d\u00fcrfe Humanit\u00e4t nicht untergehen, \u201edenn der Grund aller Ordnung ist Menschlichkeit\u201c, sagte der Bischof der Evangelischen Kirche Berlin-Brandenburg-schlesische Oberlausitz, der auch Mitglied im Rat der EKD ist.<\/p>\n<p>Bei ihren Sondierungen hatten sich CDU, SPD und CSU darauf verst\u00e4ndigt, \u201ein Abstimmung\u201c mit den europ\u00e4ischen Nachbarstaaten auch Asylsuchende an den Grenzen abzuweisen. Die Zahl von Abschiebungen wollen die m\u00f6glichen Koalition\u00e4re durch strengere Regeln und Migrationsabkommen erh\u00f6hen. Zudem sollen der Familiennachzug zu subsidi\u00e4r Schutzberechtigten befristet ausgesetzt und freiwillige Aufnahmeprogramme wie das f\u00fcr gef\u00e4hrdete Afghaninnen und Afghanen beendet werden.<\/p>\n<\/div>\n","protected":false},"excerpt":{"rendered":"<p>Berlin (epd). Der Beauftragte der Evangelischen Kirche in Deutschland (EKD) f\u00fcr Fl\u00fcchtlingsfragen, Christian St\u00e4blein, hat die Vereinbarungen von Union und<\/p>\n","protected":false},"author":2,"featured_media":7922,"comment_status":"closed","ping_status":"closed","sticky":false,"template":"","format":"standard","meta":{"footnotes":""},"categories":[20],"tags":[],"_links":{"self":[{"href":"https:\/\/krankenhauspfarramt.de\/index.php\/wp-json\/wp\/v2\/posts\/7921"}],"collection":[{"href":"https:\/\/krankenhauspfarramt.de\/index.php\/wp-json\/wp\/v2\/posts"}],"about":[{"href":"https:\/\/krankenhauspfarramt.de\/index.php\/wp-json\/wp\/v2\/types\/post"}],"author":[{"embeddable":true,"href":"https:\/\/krankenhauspfarramt.de\/index.php\/wp-json\/wp\/v2\/users\/2"}],"replies":[{"embeddable":true,"href":"https:\/\/krankenhauspfarramt.de\/index.php\/wp-json\/wp\/v2\/comments?post=7921"}],"version-history":[{"count":1,"href":"https:\/\/krankenhauspfarramt.de\/index.php\/wp-json\/wp\/v2\/posts\/7921\/revisions"}],"predecessor-version":[{"id":7923,"href":"https:\/\/krankenhauspfarramt.de\/index.php\/wp-json\/wp\/v2\/posts\/7921\/revisions\/7923"}],"wp:featuredmedia":[{"embeddable":true,"href":"https:\/\/krankenhauspfarramt.de\/index.php\/wp-json\/wp\/v2\/media\/7922"}],"wp:attachment":[{"href":"https:\/\/krankenhauspfarramt.de\/index.php\/wp-json\/wp\/v2\/media?parent=7921"}],"wp:term":[{"taxonomy":"category","embeddable":true,"href":"https:\/\/krankenhauspfarramt.de\/index.php\/wp-json\/wp\/v2\/categories?post=7921"},{"taxonomy":"post_tag","embeddable":true,"href":"https:\/\/krankenhauspfarramt.de\/index.php\/wp-json\/wp\/v2\/tags?post=7921"}],"curies":[{"name":"wp","href":"https:\/\/api.w.org\/{rel}","templated":true}]}}