{"id":7924,"date":"2025-03-13T10:42:54","date_gmt":"2025-03-13T10:42:54","guid":{"rendered":"https:\/\/krankenhauspfarramt.de\/index.php\/2025\/03\/13\/einheitliche-standards-bei-der-aufarbeitung-sexualisierter-gewalt-ekd\/"},"modified":"2025-03-13T10:42:55","modified_gmt":"2025-03-13T10:42:55","slug":"einheitliche-standards-bei-der-aufarbeitung-sexualisierter-gewalt-ekd","status":"publish","type":"post","link":"https:\/\/krankenhauspfarramt.de\/index.php\/2025\/03\/13\/einheitliche-standards-bei-der-aufarbeitung-sexualisierter-gewalt-ekd\/","title":{"rendered":"Einheitliche Standards bei der Aufarbeitung sexualisierter Gewalt \u2013 EKD"},"content":{"rendered":"<p> <br \/>\n<\/p>\n<div id=\"\">\n<div class=\"article--meta article--meta__border clearfix\">\n<p>                                    <time datetime=\"13.03.2025 09:00\" class=\"article--time\">13.03.2025<\/time><\/p>\n<p>                                     <strong class=\"article--type primus--overline\">Pressemitteilung<\/strong><\/p>\n<picture class=\"article--source-image image\"><source srcset=\"https:\/\/www.ekd.de\/ekd_de\/ds_img\/assets\/20170622_ekd-Quellenlogo_141_rdax_423x118.png\"><!--<source srcset=\"\/ekd_de\/ds_img\/assets\/20170622_ekd-Quellenlogo_141_rdax_141x39.png 1x, \/ekd_de\/ds_img\/assets\/20170622_ekd-Quellenlogo_141_rdax_282x78.png 2x, https:\/\/www.ekd.de\/ekd_de\/ds_img\/assets\/20170622_ekd-Quellenlogo_141_rdax_423x118.png 3x\">--><\/p>\n<p>    <\/source><\/picture>\n<\/p><\/div>\n<h2 class=\"article--sub-headline primus--sub-headline\">Kirche und Diakonie setzen Vereinbarung mit UBSKM um: Unabh\u00e4ngige Regionale Aufarbeitungskommissionen nehmen ihre Arbeit auf<\/h2>\n<\/p><\/div>\n<div id=\"\">\n<p>Die unabh\u00e4ngige Aufarbeitung sexualisierter Gewalt in der evangelischen Kirche und Diakonie tritt in eine neue Phase ein. Unabh\u00e4ngige Regionale Aufarbeitungskommissionen (URAKS) nehmen bundesweit ein Jahr nach der Ver\u00f6ffentlichung der Aufarbeitungsstudie \u201eForuM\u201c in den kommenden Wochen ihre Arbeit auf. Insgesamt neun Kommissionen, die in regionalen Verb\u00fcnden \u00fcber landeskirchliche Grenzen hinweg errichtet wurden, werden k\u00fcnftig F\u00e4lle sexualisierter Gewalt quantitativ erheben, Strukturen analysieren, den Umgang mit betroffenen Personen evaluieren und Kirche und Diakonie zu weiteren notwendigen Ma\u00dfnahmen beraten. Die Einrichtung der Kommissionen geht zur\u00fcck auf eine Gemeinsame Erkl\u00e4rung zwischen der Unabh\u00e4ngigen Beauftragten der Bundesregierung f\u00fcr Fragen des sexuellen Kindesmissbrauchs (UBSKM), der Evangelischen Kirche in Deutschland (EKD) und der Diakonie Deutschland, unter direkter Mitwirkung des Beteiligungsforum Sexualisierte Gewalt in der EKD. In dieser Erkl\u00e4rung wurde Ende 2023 ein Standard festgelegt, der nun Grundlage f\u00fcr die Arbeit der Kommissionen ist.<\/p>\n<p>F\u00fcr Bisch\u00f6fin Kirsten Fehrs, Ratsvorsitzende der EKD, ist der Start der URAKs ein wichtiger weiterer Schritt in der konsequenten Aufarbeitung sexualisierter Gewalt. \u201eMit der Aufarbeitungsstudie \u201aForuM\u2018 wurde daf\u00fcr ein differenziertes Fundament gelegt. Ich bin dankbar f\u00fcr alle, die hier ihre Zeit und Expertise zur Verf\u00fcgung stellen, insbesondere auch betroffene Menschen und nichtkirchliche Expertinnen und Experten unterschiedlicher Fachgebiete aus den Bundesl\u00e4ndern. So k\u00f6nnen pr\u00e4ziser regionale Aspekte in den Blick genommen, F\u00e4lle\u00a0systematisch\u00a0erhoben und gezielte Empfehlungen gegeben werden. Die Unabh\u00e4ngigen Regionalen Aufarbeitungskommissionen werden dazu beitragen, das Thema sexualisierte Gewalt in der evangelischen Kirche konsequent weiterzubearbeiten \u2013 es ist und bleibt eine Daueraufgabe\u201c, so Bisch\u00f6fin Fehrs.<\/p>\n<p>R\u00fcdiger Schuch, Pr\u00e4sident der Diakonie Deutschland, weist auf den engen Schulterschluss von Kirche und Diakonie bei der Gr\u00fcndung der Aufarbeitungskommissionen hin: \u201eDen Standard f\u00fcr diese Kommissionen haben wir zusammen mit der UBSKM sowie der AG Aufarbeitung des Beteiligungsforums entwickelt. Wir setzen ihn auch miteinander in Kirche und Diakonie um, weil wir gegen\u00fcber Betroffenen eine gemeinsame Verantwortung f\u00fcr das geschehene Unrecht tragen. F\u00fcr eine unabh\u00e4ngige Aufarbeitung darf es keine Rolle spielen, ob ein Fall sexualisierter Gewalt in einer kirchlichen oder diakonischen Einrichtung geschehen ist.\u201c<\/p>\n<\/div>\n<div id=\"\">\n    <!-- Test for teaser --><br \/>\n    <!--Val: 1 --><\/p>\n<p>                    \t    <!-- SRC:  --><\/p>\n<aside class=\"article--aside quintus teaser teaser__related rs_skip rs_preserve\">\n<div class=\"teaser--article teaser--content\">\n<figure class=\"teaser--image\">\n                                                    <picture><source media=\"(max-width:935px)\" srcset=\"https:\/\/www.ekd.de\/ekd_de\/ds_img\/assets_1875_x\/Design%20ohne%20Titel%20(8)_rdax_625x352_60s.jpg 1x, https:\/\/www.ekd.de\/ekd_de\/ds_img\/assets_1875_x\/Design%20ohne%20Titel%20(8)_rdax_1250x704_60s.jpg 2x, https:\/\/www.ekd.de\/ekd_de\/ds_img\/assets_1875_x\/Design%20ohne%20Titel%20(8)_rdax_60s.jpg 3x\"><source media=\"(min-width:934px)\" srcset=\"https:\/\/www.ekd.de\/ekd_de\/ds_img\/assets_1875_x\/Design%20ohne%20Titel%20(8)_rdax_360x203_70s.jpg 1x, https:\/\/www.ekd.de\/ekd_de\/ds_img\/assets_1875_x\/Design%20ohne%20Titel%20(8)_rdax_720x406_70s.jpg 2x, https:\/\/www.ekd.de\/ekd_de\/ds_img\/assets_1875_x\/Design%20ohne%20Titel%20(8)_rdax_1080x608_70s.jpg 3x\"><img decoding=\"async\" src=\"https:\/\/www.ekd.de\/ekd_de\/ds_img\/assets_1875_x\/Design%20ohne%20Titel%20(8)_rdax_625x352_60s.jpg\" alt=\"Puzzleteile URAKs\"\/><br \/>\n                                                    <\/source><\/source><\/picture><figcaption\/>\n                                                <\/figure>\n<p class=\"quintus--text teaser--text\">Die Unabh\u00e4ngigen Regionalen Aufarbeitungskommissionen (URAKs) sollen transparente Aufarbeitung sexualisierter Gewalt in Kirche und Diakonie erm\u00f6glichen. Neun Verb\u00fcnde haben dazu ihre Arbeit aufgenommen.<\/p>\n<\/p><\/div>\n<\/aside>\n<div class=\"article--content\">\n<p>In sieben der neun Verb\u00fcnde werden die URAKs nach aktuellem Stand im Laufe des M\u00e4rz und Aprils ihre Arbeit aufnehmen. Einen sp\u00e4teren Starttermin wird es im s\u00e4chsischen Verbund geben, wo es noch einen gr\u00f6\u00dferen Abstimmungsbedarf mit den beteiligten Gruppen gibt. Auch im Verbund auf dem Gebiet von Niedersachsen und Bremen kommt es zu einer Verz\u00f6gerung, da noch nicht alle zuk\u00fcnftigen Mitglieder f\u00fcr die Kommission feststehen.<\/p>\n<p>Die URAKS setzen sich zusammen aus Betroffenen, Expert*innen, die gesellschaftliche Verantwortung tragen, sowie Vertreter*innen der Landeskirchen und Landesverb\u00e4nde der Diakonie. Um die Unabh\u00e4ngigkeit der Aufarbeitungskommissionen zu gew\u00e4hrleisten, d\u00fcrfen nur weniger als die H\u00e4lfte der Mitglieder Besch\u00e4ftigte der evangelischen Kirche oder der Diakonie sein oder einem ihrer Gremien angeh\u00f6ren. Die Mitglieder aus dem Kreis der Betroffenen werden durch die Betroffenenvertreter*innen selbst benannt. Externe Expert*innen werden unabh\u00e4ngig durch die jeweiligen Landesregierungen benannt.<\/p>\n<p>In allen Kommissionen ist die direkte Beteiligung betroffener Personen zentral. Deshalb wurden im Zuge der Vorbereitungen in allen Verb\u00fcnden betroffene Personen zu einem Forum eingeladen, bei dem \u00fcber die Kommission und ihre Aufgabe informiert wurde. Aufbauend auf diesem Forum f\u00fcr Betroffene fanden Workshops statt, aus denen dann Betroffenenvertretungen entstanden. Aus den Betroffenenvertretungen werden wiederum Mitglieder in die URAKs entsandt. Diese tragen Informationen zur Arbeit der URAKs direkt wieder ein in die j\u00e4hrlichen Foren f\u00fcr betroffene Personen, die dem Austausch und der Vernetzung dienen.<\/p>\n<p>Hannover, 13. M\u00e4rz 2025<\/p>\n<p>Pressestelle der EKD<br \/>Lisa Schaube<\/p>\n<p>Pressestelle der Diakonie Deutschland<br \/>Verena G\u00f6tze<\/p>\n<\/p><\/div>\n<\/div>\n","protected":false},"excerpt":{"rendered":"<p>13.03.2025 Pressemitteilung Kirche und Diakonie setzen Vereinbarung mit UBSKM um: Unabh\u00e4ngige Regionale Aufarbeitungskommissionen nehmen ihre Arbeit auf Die unabh\u00e4ngige Aufarbeitung<\/p>\n","protected":false},"author":2,"featured_media":7535,"comment_status":"closed","ping_status":"closed","sticky":false,"template":"","format":"standard","meta":{"footnotes":""},"categories":[20],"tags":[],"_links":{"self":[{"href":"https:\/\/krankenhauspfarramt.de\/index.php\/wp-json\/wp\/v2\/posts\/7924"}],"collection":[{"href":"https:\/\/krankenhauspfarramt.de\/index.php\/wp-json\/wp\/v2\/posts"}],"about":[{"href":"https:\/\/krankenhauspfarramt.de\/index.php\/wp-json\/wp\/v2\/types\/post"}],"author":[{"embeddable":true,"href":"https:\/\/krankenhauspfarramt.de\/index.php\/wp-json\/wp\/v2\/users\/2"}],"replies":[{"embeddable":true,"href":"https:\/\/krankenhauspfarramt.de\/index.php\/wp-json\/wp\/v2\/comments?post=7924"}],"version-history":[{"count":1,"href":"https:\/\/krankenhauspfarramt.de\/index.php\/wp-json\/wp\/v2\/posts\/7924\/revisions"}],"predecessor-version":[{"id":7925,"href":"https:\/\/krankenhauspfarramt.de\/index.php\/wp-json\/wp\/v2\/posts\/7924\/revisions\/7925"}],"wp:featuredmedia":[{"embeddable":true,"href":"https:\/\/krankenhauspfarramt.de\/index.php\/wp-json\/wp\/v2\/media\/7535"}],"wp:attachment":[{"href":"https:\/\/krankenhauspfarramt.de\/index.php\/wp-json\/wp\/v2\/media?parent=7924"}],"wp:term":[{"taxonomy":"category","embeddable":true,"href":"https:\/\/krankenhauspfarramt.de\/index.php\/wp-json\/wp\/v2\/categories?post=7924"},{"taxonomy":"post_tag","embeddable":true,"href":"https:\/\/krankenhauspfarramt.de\/index.php\/wp-json\/wp\/v2\/tags?post=7924"}],"curies":[{"name":"wp","href":"https:\/\/api.w.org\/{rel}","templated":true}]}}