{"id":7931,"date":"2025-03-20T16:58:44","date_gmt":"2025-03-20T16:58:44","guid":{"rendered":"https:\/\/krankenhauspfarramt.de\/index.php\/2025\/03\/20\/christliche-arbeitsgemeinschaft-waehlt-neuen-vorstand-ekd\/"},"modified":"2025-03-20T16:58:45","modified_gmt":"2025-03-20T16:58:45","slug":"christliche-arbeitsgemeinschaft-waehlt-neuen-vorstand-ekd","status":"publish","type":"post","link":"https:\/\/krankenhauspfarramt.de\/index.php\/2025\/03\/20\/christliche-arbeitsgemeinschaft-waehlt-neuen-vorstand-ekd\/","title":{"rendered":"Christliche Arbeitsgemeinschaft w\u00e4hlt neuen Vorstand \u2013 EKD"},"content":{"rendered":"<p> <br \/>\n<\/p>\n<div id=\"\">\n<p>Easthill wurde 1960 in Singapur geboren, war zuletzt ein weltweit operierender Manager eines internationalen Versicherungsunternehmens, ehe er 2011 das Studium der Theologie in den USA aufnahm. Nach seiner Weihe zum Diakon absolvierte er sein Vikariat in M\u00fcnchen und wurde dort zum Priester geweiht, ehe er 2014 Pfarrer der Church of St. Augustine of Canterbury in Wiesbaden wurde, wo er seitdem arbeitet. Seit 2016 geh\u00f6rt Easthill dem f\u00fcnfk\u00f6pfigen Vorstand der ACK an.<\/p>\n<\/div>\n<div id=\"\">\n<p>Die Vorsitzende des Rates der Evangelischen Kirche in Deutschland (EKD), Kirsten Fehrs:<\/p>\n<p>\u201eVon Herzen gratuliere ich Reverend Christopher Easthill zur Wahl zum Vorsitzenden der Arbeitsgemeinschaft Christlicher Kirchen. Reverend Easthill vereint reiche internationale Erfahrungen, Arbeitserfahrungen als Manager in der Wirtschaft sowie als Geistlicher und eine tiefgehende \u00f6kumenische Expertise. Diese Diversit\u00e4t biographischer Perspektiven bringt er ein in die Arbeit der ACK, in der er schon langj\u00e4hrig engagiert ist. Was f\u00fcr ein Schatz f\u00fcr die \u00f6kumenische Arbeit, die so von der Vielfalt lebt. Dass Reverend Easthill als Geistlicher der anglikanischen Konfession, mit der wir in engen Beziehungen stehen, nun der ACK vorsteht, begr\u00fc\u00dfe ich sehr. Ich blicke voller Vorfreude auf viele bereichernde Begegnungen und eine gute Zusammenarbeit und w\u00fcnsche Reverend Easthill f\u00fcr sein Wirken Gottes reichen Segen.\u201c<\/p>\n<\/div>\n<div id=\"\">\n<p>Die Mitgliederversammlung der ACK w\u00e4hlte am Mittwoch in Augsburg auch einen neuen Vorstand, dem auch der Freiburger Weihbischof Peter Birkhofer f\u00fcr die katholische Deutsche Bischofskonferenz sowie der w\u00fcrttembergische Landesbischof Ernst-Wilhelm Gohl f\u00fcr die Evangelische Kirche in Deutschland (EKD) angeh\u00f6ren. Gohl wurde zudem zum Stellvertreter Easthills gew\u00e4hlt.<\/p>\n<p>Satzungsgem\u00e4\u00df legte der orthodoxe Erzpriester Radu Constantin Miron nach zwei Legislaturperioden sein Amt als Vorsitzender nieder. Die Amtszeit betr\u00e4gt drei Jahre. Der Vorsitz der ACK ist ein Ehrenamt.<\/p>\n<p>Miron ist Pfarrer in K\u00f6ln und Bisch\u00f6flicher Vikar f\u00fcr die Griechisch-Orthodoxe Metropolie in Nordrhein-Westfalen. Er war von 2019 bis 2025 Vorsitzender der Arbeitsgemeinschaft Christlicher Kirchen in Deutschland. In seine Amtszeit fiel etwa der Dritte \u00d6kumenische Kirchentag 2021 in Frankfurt, die Vollversammlung des \u00d6kumenischen Rates der Kirchen 2022 in Karlsruhe und das 75-j\u00e4hrige Bestehen der ACK in Deutschland 2023. Er geh\u00f6rte dem Vorstand der ACK seit 2007 an.<\/p>\n<p>Die Arbeitsgemeinschaft Christlicher Kirchen in Deutschland wurde 1948 von f\u00fcnf Kirchen gegr\u00fcndet. Inzwischen geh\u00f6ren ihr 19 Kirchen unterschiedlicher Traditionen an, weitere sieben Kirchen sind Gastmitglieder und f\u00fcnf \u00f6kumenische Organisationen haben Beobachterstatus. Die Gesch\u00e4ftsstelle der ACK in Deutschland, die \u201e\u00d6kumenische Centrale\u201c, hat ihren Sitz in Frankfurt am Main. Mitglieder, Gastmitglieder und Beobachter entsenden Delegierte in die Mitgliederversammlung, die zweimal im Jahr zusammenkommt.<\/p>\n<p>Schwerpunkte der Arbeit der ACK sind die theologische Reflexion, das Engagement f\u00fcr Gerechtigkeit, Frieden und die Bewahrung der Sch\u00f6pfung sowie der Kontakt zu anderen \u00f6kumenischen Organisationen. Die ACK gestaltet dazu unter anderem den j\u00e4hrlichen zentralen Gottesdienst zur Gebetswoche f\u00fcr die Einheit der Christen. Sie richtet auch den \u00d6kumenischen Tag der Sch\u00f6pfung aus.<\/p>\n<\/div>\n","protected":false},"excerpt":{"rendered":"<p>Easthill wurde 1960 in Singapur geboren, war zuletzt ein weltweit operierender Manager eines internationalen Versicherungsunternehmens, ehe er 2011 das Studium<\/p>\n","protected":false},"author":2,"featured_media":7932,"comment_status":"closed","ping_status":"closed","sticky":false,"template":"","format":"standard","meta":{"footnotes":""},"categories":[20],"tags":[],"_links":{"self":[{"href":"https:\/\/krankenhauspfarramt.de\/index.php\/wp-json\/wp\/v2\/posts\/7931"}],"collection":[{"href":"https:\/\/krankenhauspfarramt.de\/index.php\/wp-json\/wp\/v2\/posts"}],"about":[{"href":"https:\/\/krankenhauspfarramt.de\/index.php\/wp-json\/wp\/v2\/types\/post"}],"author":[{"embeddable":true,"href":"https:\/\/krankenhauspfarramt.de\/index.php\/wp-json\/wp\/v2\/users\/2"}],"replies":[{"embeddable":true,"href":"https:\/\/krankenhauspfarramt.de\/index.php\/wp-json\/wp\/v2\/comments?post=7931"}],"version-history":[{"count":1,"href":"https:\/\/krankenhauspfarramt.de\/index.php\/wp-json\/wp\/v2\/posts\/7931\/revisions"}],"predecessor-version":[{"id":7933,"href":"https:\/\/krankenhauspfarramt.de\/index.php\/wp-json\/wp\/v2\/posts\/7931\/revisions\/7933"}],"wp:featuredmedia":[{"embeddable":true,"href":"https:\/\/krankenhauspfarramt.de\/index.php\/wp-json\/wp\/v2\/media\/7932"}],"wp:attachment":[{"href":"https:\/\/krankenhauspfarramt.de\/index.php\/wp-json\/wp\/v2\/media?parent=7931"}],"wp:term":[{"taxonomy":"category","embeddable":true,"href":"https:\/\/krankenhauspfarramt.de\/index.php\/wp-json\/wp\/v2\/categories?post=7931"},{"taxonomy":"post_tag","embeddable":true,"href":"https:\/\/krankenhauspfarramt.de\/index.php\/wp-json\/wp\/v2\/tags?post=7931"}],"curies":[{"name":"wp","href":"https:\/\/api.w.org\/{rel}","templated":true}]}}