{"id":7984,"date":"2025-04-01T14:52:59","date_gmt":"2025-04-01T14:52:59","guid":{"rendered":"https:\/\/krankenhauspfarramt.de\/index.php\/2025\/04\/01\/polarisierung-laesst-sich-nicht-einfach-wegbeten-ekd\/"},"modified":"2025-04-01T14:53:01","modified_gmt":"2025-04-01T14:53:01","slug":"polarisierung-laesst-sich-nicht-einfach-wegbeten-ekd","status":"publish","type":"post","link":"https:\/\/krankenhauspfarramt.de\/index.php\/2025\/04\/01\/polarisierung-laesst-sich-nicht-einfach-wegbeten-ekd\/","title":{"rendered":"\u201ePolarisierung l\u00e4sst sich nicht einfach wegbeten\u201c \u2013 EKD"},"content":{"rendered":"<p> <br \/>\n<\/p>\n<div id=\"\">\n<div class=\"article--meta article--meta__border clearfix\">\n<p>                                    <time datetime=\"01.04.2025 14:00\" class=\"article--time\">01.04.2025<\/time><\/p>\n<p>                                     <strong class=\"article--type primus--overline\">Pressemitteilung<\/strong><\/p>\n<picture class=\"article--source-image image\"><source srcset=\"https:\/\/www.ekd.de\/ekd_de\/ds_img\/assets\/20170622_ekd-Quellenlogo_141_rdax_423x118.png\"><!--<source srcset=\"\/ekd_de\/ds_img\/assets\/20170622_ekd-Quellenlogo_141_rdax_141x39.png 1x, \/ekd_de\/ds_img\/assets\/20170622_ekd-Quellenlogo_141_rdax_282x78.png 2x, https:\/\/www.ekd.de\/ekd_de\/ds_img\/assets\/20170622_ekd-Quellenlogo_141_rdax_423x118.png 3x\">--><\/p>\n<p>    <\/source><\/picture>\n<\/p><\/div>\n<h2 class=\"article--sub-headline primus--sub-headline\">#Verst\u00e4ndigungsort: Anna-Nicole Heinrich beim Gastst\u00e4tten-Talk zur Frage \u201eIst das noch meine Kirche?\u201c<\/h2>\n<\/p><\/div>\n<div id=\"\">\n<p>Die Pr\u00e4ses der Synode der Evangelischen Kirche in Deutschland (EKD), Anna-Nicole Heinrich, geht angesichts weiterhin hoher Austrittszahlen aus den christlichen Kirchen in Deutschland in die Offensive: Die Kirche ist besser als ihr Ruf. Ihre Mitglieder leisten tagt\u00e4glich millionenfach unverzichtbare Beitr\u00e4ge zum gesellschaftlichen Miteinander in Deutschland. Und sie bewahren Jahrtausende alte Traditionen, die uns mehr denn je dabei helfen, aktuelle Krisen und N\u00f6te zu \u00fcberwinden.\u201c Dazu geh\u00f6re auch eine am N\u00e4chsten ausgerichtete Gespr\u00e4chskultur. Heinrich warb im Vorfeld ihrer Teilnahme am Verst\u00e4ndigungsort \u201eHorch Amoal\u201c am 3. April im fr\u00e4nkischen Lauf a. d. Pegnitz daf\u00fcr, \u201eKirche auch dann weiter zu unterst\u00fctzen, wenn sie ihr einmal gegen den Strich geht.\u201c An dem Talk, an dem neben ihr auch der Theologie- und Philosophie-Professor Ralf Frisch teilnimmt, wird in offener Runde die Frage diskutiert \u201eIst das noch meine Kirche?\u201c.<\/p>\n<p>F\u00fcr Heinrich geht es dabei nicht um die Frage, wie Kirche im besten Fall sein solle, sondern wie man die unterschiedlichen Anspr\u00fcche miteinander vereinbaren kann. \u201eDie Polarisierung, die in vielen Fragen derzeit in der Gesellschaft stattfindet, geht nat\u00fcrlich auch an der Kirche nicht spurlos vorbei. \u201eDem einen ist die Kirche zu links, der N\u00e4chste will \u00fcberhaupt keine \u00c4u\u00dferungen zu politischen Themen und der \u00dcbern\u00e4chste w\u00fcnscht sich einen noch kr\u00e4ftigeren Einsatz f\u00fcr Gefl\u00fcchtete. Da geht es nicht nur in der Kneipe, sondern auch in den Gemeinden teilweise hoch her. Polarisierung l\u00e4sst sich auch in der Kirche nicht einfach wegbeten\u201c, so Anna-Nicole Heinrich. Die Augen davor zu verschlie\u00dfen, dass alle in der evangelischen Kirche unterschiedliche Anspr\u00fcche aus der Vielfalt des Evangeliums haben und einfach wegzurennen sei aber auch keine L\u00f6sung. \u201eWir m\u00fcssen konstruktiv miteinander im Gespr\u00e4ch bleiben und auch mal ein paar Meter in den Schuhen des anderen unterwegs sein\u201c, schl\u00e4gt Heinrich vor. Tats\u00e4chlich komme dem Gebet und der Liturgie, auf die Christ*innen zur\u00fcckgreifen k\u00f6nnen, dabei aber eine Funktion zu, die anderen Institutionen nicht zur Verf\u00fcgung stehen. \u201eDa wo Dinge wirklich zerbrochen sind, wo Argumente und Diskussionen unm\u00f6glich erscheinen, haben wir in liturgischer Sprache, in Gebet und Gesang eine ganz andere Ebene, auf der eine Grundverst\u00e4ndigung, eine Gemeinschaft noch bestehen kann. Das mag f\u00fcr einige befremdlich klingen, aber der Grundsatz \u2018Im Anderen immer Jesus sehen\u2018 hat mich schon durch viele harte Diskussionen gef\u00fchrt\u201c, so Heinrich. \u201eTrotz g\u00e4nzlich unterschiedlicher Auffassungen, m\u00fcsse es gelingen, den anderen immer noch als Mensch mit seinen eigenen Anliegen und Sorgen wahr- und ernst zu nehmen. \u00a0Diese Grundhaltung w\u00fcnsche ich mir auch f\u00fcr die Gesellschaft insgesamt\u201c, so die Pr\u00e4ses.<\/p>\n<p>Hannover, 1. April 2025<\/p>\n<p>Pressestelle der EKD<br \/>Carsten Splitt<\/p>\n<p>\u00a0<\/p>\n<p><em>Hinweise f\u00fcr Redaktionen:<\/em><\/p>\n<p>Der Verst\u00e4ndigungsort \u201eHorch Amoal\u201c in Lauf a. d. Pegnitz findet am 3. April um 19 Uhr in der Gastst\u00e4tte \u201eZur Linde\u201c (Neunkirchener Str. 6) statt. Veranstalter ist die Evangelisch-Lutherische Kirchengemeinde Lauf www.lauf-evangelisch.de<\/p>\n<p>Die Pr\u00e4ses steht im Kontext der Veranstaltung f\u00fcr Interviews zur Verf\u00fcgung. Diese k\u00f6nnen \u00fcber die Pressestelle der EKD vereinbart werden.<\/p>\n<p>Informationen zur Kampagne #verst\u00e4ndigungsorte finden Sie unter www.mi-di.de\/verstaendigungsorte.<\/p>\n<p>Zum gesellschaftlichen und politischen Miteinander in Deutschland hat die evangelische Kirche vor wenigen Tagen ein \u201eWort des Rates\u201c ver\u00f6ffentlicht. www.ekd.de\/demokratie-und-gesellschaftliches-miteinander-88828.htm<\/p>\n<\/div>\n","protected":false},"excerpt":{"rendered":"<p>01.04.2025 Pressemitteilung #Verst\u00e4ndigungsort: Anna-Nicole Heinrich beim Gastst\u00e4tten-Talk zur Frage \u201eIst das noch meine Kirche?\u201c Die Pr\u00e4ses der Synode der Evangelischen<\/p>\n","protected":false},"author":2,"featured_media":7985,"comment_status":"closed","ping_status":"closed","sticky":false,"template":"","format":"standard","meta":{"footnotes":""},"categories":[20],"tags":[],"_links":{"self":[{"href":"https:\/\/krankenhauspfarramt.de\/index.php\/wp-json\/wp\/v2\/posts\/7984"}],"collection":[{"href":"https:\/\/krankenhauspfarramt.de\/index.php\/wp-json\/wp\/v2\/posts"}],"about":[{"href":"https:\/\/krankenhauspfarramt.de\/index.php\/wp-json\/wp\/v2\/types\/post"}],"author":[{"embeddable":true,"href":"https:\/\/krankenhauspfarramt.de\/index.php\/wp-json\/wp\/v2\/users\/2"}],"replies":[{"embeddable":true,"href":"https:\/\/krankenhauspfarramt.de\/index.php\/wp-json\/wp\/v2\/comments?post=7984"}],"version-history":[{"count":1,"href":"https:\/\/krankenhauspfarramt.de\/index.php\/wp-json\/wp\/v2\/posts\/7984\/revisions"}],"predecessor-version":[{"id":7986,"href":"https:\/\/krankenhauspfarramt.de\/index.php\/wp-json\/wp\/v2\/posts\/7984\/revisions\/7986"}],"wp:featuredmedia":[{"embeddable":true,"href":"https:\/\/krankenhauspfarramt.de\/index.php\/wp-json\/wp\/v2\/media\/7985"}],"wp:attachment":[{"href":"https:\/\/krankenhauspfarramt.de\/index.php\/wp-json\/wp\/v2\/media?parent=7984"}],"wp:term":[{"taxonomy":"category","embeddable":true,"href":"https:\/\/krankenhauspfarramt.de\/index.php\/wp-json\/wp\/v2\/categories?post=7984"},{"taxonomy":"post_tag","embeddable":true,"href":"https:\/\/krankenhauspfarramt.de\/index.php\/wp-json\/wp\/v2\/tags?post=7984"}],"curies":[{"name":"wp","href":"https:\/\/api.w.org\/{rel}","templated":true}]}}