{"id":8036,"date":"2025-04-16T10:51:58","date_gmt":"2025-04-16T10:51:58","guid":{"rendered":"https:\/\/krankenhauspfarramt.de\/index.php\/2025\/04\/16\/der-glaube-an-das-unbezwingbare-gute-ekd\/"},"modified":"2025-04-16T10:51:59","modified_gmt":"2025-04-16T10:51:59","slug":"der-glaube-an-das-unbezwingbare-gute-ekd","status":"publish","type":"post","link":"https:\/\/krankenhauspfarramt.de\/index.php\/2025\/04\/16\/der-glaube-an-das-unbezwingbare-gute-ekd\/","title":{"rendered":"\u201eDer Glaube an das unbezwingbare Gute\u201c \u2013 EKD"},"content":{"rendered":"<p> <br \/>\n<\/p>\n<div id=\"\">\n<div class=\"article--meta article--meta__border clearfix\">\n<p>                                    <time datetime=\"16.04.2025 10:00\" class=\"article--time\">16.04.2025<\/time><\/p>\n<p>                                     <strong class=\"article--type primus--overline\">Pressemitteilung<\/strong><\/p>\n<picture class=\"article--source-image image\"><source srcset=\"https:\/\/www.ekd.de\/ekd_de\/ds_img\/assets\/velkd.jpg\"><!--<source srcset=\"\/ekd_de\/ds_img\/assets\/velkd_rdax_141x141s.jpg 1x, \/ekd_de\/ds_img\/assets\/velkd_rdax_282x282s.jpg 2x, https:\/\/www.ekd.de\/ekd_de\/ds_img\/assets\/velkd.jpg 3x\">--><\/p>\n<p>    <\/source><\/picture>\n<\/p><\/div>\n<h2 class=\"article--sub-headline primus--sub-headline\">Osterbotschaft des Leitenden VELKD-Bischofs Ralf Meister<\/h2>\n<\/p><\/div>\n<div id=\"\">\n<p>In seinem Ostergru\u00df erinnert der Leitende Bischof der VELKD, Landesbischof Ralf Meister (Hannover), an das \u201eSchicksals- und Wendejahr\u201c 1945. \u201eAm Ostersonntag vor 80 Jahren, am 20. April 1945, feierte Adolf Hitler seinen letzten Geburtstag mit allen f\u00fchrenden Repr\u00e4sentanten des Terrorregimes im Berliner F\u00fchrerbunker. Zehn Tage sp\u00e4ter nahm er sich das Leben, am 8. Mai schwiegen die Waffen. 60 Millionen Opfer, Deutschland in Schutt und Asche, moralisch tief verschuldet. Ein absoluter Nullpunkt.\u201c<\/p>\n<p>Zugleich sei dieser 8. Mai ein \u201eTag der Befreiung\u201c gewesen, wie es der damalige Bundespr\u00e4sident Richard von Weizs\u00e4cker 1985 im Deutschen Bundestag sagte. \u201eF\u00fcr mich\u201c, so Meister, \u201ewar diese Deutung eine gro\u00dfe Erleichterung, als ich im gleichen Jahr als 23-J\u00e4hriger f\u00fcr ein Jahr nach Israel ging, um in Jerusalem zu studieren.\u201c<\/p>\n<p>In diesem Jahr, das in Deutschland einen 80-j\u00e4hrigen Schleier der Geschichte trage, k\u00f6nne uns Ostern daran erinnern, \u201ewelchem Wunder wir unsere heutige Situation verdanken\u201c. Mit dem am 9. April 1945 ermordeten Theologen Dietrich Bonhoeffer k\u00f6nnten wir r\u00fcckblickend sagen, \u201edass Gott aus allem, auch aus dem B\u00f6sesten, Gutes entstehen lassen kann und will\u201c.<\/p>\n<p>Meister: \u201eDiese Zuversicht und dieser Glaube an das unbezwingbare Gute, in dem sich Gottes Gegenwart zeigt, sind mein gr\u00f6\u00dfter Osterwunsch f\u00fcr uns alle.\u201c<\/p>\n<p>Den vollst\u00e4ndigen Text des Ostergru\u00dfes finden Sie hier.<\/p>\n<p>Hannover, 16. April 2025<\/p>\n<p>Pressestelle der VELKD<br \/>Frank Hofmann<br \/>Pressesprecher<\/p>\n<\/div>\n","protected":false},"excerpt":{"rendered":"<p>16.04.2025 Pressemitteilung Osterbotschaft des Leitenden VELKD-Bischofs Ralf Meister In seinem Ostergru\u00df erinnert der Leitende Bischof der VELKD, Landesbischof Ralf Meister<\/p>\n","protected":false},"author":2,"featured_media":8037,"comment_status":"closed","ping_status":"closed","sticky":false,"template":"","format":"standard","meta":{"footnotes":""},"categories":[20],"tags":[],"_links":{"self":[{"href":"https:\/\/krankenhauspfarramt.de\/index.php\/wp-json\/wp\/v2\/posts\/8036"}],"collection":[{"href":"https:\/\/krankenhauspfarramt.de\/index.php\/wp-json\/wp\/v2\/posts"}],"about":[{"href":"https:\/\/krankenhauspfarramt.de\/index.php\/wp-json\/wp\/v2\/types\/post"}],"author":[{"embeddable":true,"href":"https:\/\/krankenhauspfarramt.de\/index.php\/wp-json\/wp\/v2\/users\/2"}],"replies":[{"embeddable":true,"href":"https:\/\/krankenhauspfarramt.de\/index.php\/wp-json\/wp\/v2\/comments?post=8036"}],"version-history":[{"count":1,"href":"https:\/\/krankenhauspfarramt.de\/index.php\/wp-json\/wp\/v2\/posts\/8036\/revisions"}],"predecessor-version":[{"id":8038,"href":"https:\/\/krankenhauspfarramt.de\/index.php\/wp-json\/wp\/v2\/posts\/8036\/revisions\/8038"}],"wp:featuredmedia":[{"embeddable":true,"href":"https:\/\/krankenhauspfarramt.de\/index.php\/wp-json\/wp\/v2\/media\/8037"}],"wp:attachment":[{"href":"https:\/\/krankenhauspfarramt.de\/index.php\/wp-json\/wp\/v2\/media?parent=8036"}],"wp:term":[{"taxonomy":"category","embeddable":true,"href":"https:\/\/krankenhauspfarramt.de\/index.php\/wp-json\/wp\/v2\/categories?post=8036"},{"taxonomy":"post_tag","embeddable":true,"href":"https:\/\/krankenhauspfarramt.de\/index.php\/wp-json\/wp\/v2\/tags?post=8036"}],"curies":[{"name":"wp","href":"https:\/\/api.w.org\/{rel}","templated":true}]}}