{"id":8048,"date":"2025-04-17T14:30:22","date_gmt":"2025-04-17T14:30:22","guid":{"rendered":"https:\/\/krankenhauspfarramt.de\/index.php\/2025\/04\/17\/christen-sollen-in-zerbrochener-welt-glauben-leben-ekd\/"},"modified":"2025-04-17T14:30:23","modified_gmt":"2025-04-17T14:30:23","slug":"christen-sollen-in-zerbrochener-welt-glauben-leben-ekd","status":"publish","type":"post","link":"https:\/\/krankenhauspfarramt.de\/index.php\/2025\/04\/17\/christen-sollen-in-zerbrochener-welt-glauben-leben-ekd\/","title":{"rendered":"Christen sollen in zerbrochener Welt Glauben leben \u2013 EKD"},"content":{"rendered":"<p> <br \/>\n<\/p>\n<div>\n<p>Der Lutherische Weltbund setzt in seiner Osterbotschaft weitere Akzente: Ostern sei nicht nur ein ergreifender Moment, sondern eine Einladung an alle Menschen jeden Geschlechts und jeder Generation, sich aktiv an der Mission Christi zu beteiligen. Ostern fordere die Menschen dazu auf, daf\u00fcr zu sorgen, dass alle, von den J\u00fcngsten bis zu den \u00c4ltesten, eine Stimme, einen Platz und Verantwortung in Entscheidungsprozessen h\u00e4tten.<\/p>\n<p>Jeder k\u00f6nne an der F\u00fcrsorge und dem Wandel mitwirken. Die Auferstehung Christi lade die Gl\u00e4ubigen ein, eine gerechtere Gemeinschaft zu bauen, so der Lutherische Weltbund.<\/p>\n<p>Der \u00d6kumenische Rat der Kirchen (\u00d6RK), auch als Weltkirchenrat bekannt, umfasst 352 christliche Kirchen, die weltweit \u00fcber 580 Millionen Christinnen und Christen vertreten. Bedford-Strohm war fr\u00fcher Ratsvorsitzender der Evangelischen Kirche in Deutschland (EKD) und bayerischer Landesbischof. Im Lutherischen Weltbund (LWB) sind 150 Kirchen mit 78 Millionen Gl\u00e4ubigen zusammengeschlossen. Beide B\u00fcnde haben ihren Sitz in Genf.<\/p>\n<\/p><\/div>\n","protected":false},"excerpt":{"rendered":"<p>Der Lutherische Weltbund setzt in seiner Osterbotschaft weitere Akzente: Ostern sei nicht nur ein ergreifender Moment, sondern eine Einladung an<\/p>\n","protected":false},"author":2,"featured_media":8049,"comment_status":"closed","ping_status":"closed","sticky":false,"template":"","format":"standard","meta":{"footnotes":""},"categories":[20],"tags":[],"_links":{"self":[{"href":"https:\/\/krankenhauspfarramt.de\/index.php\/wp-json\/wp\/v2\/posts\/8048"}],"collection":[{"href":"https:\/\/krankenhauspfarramt.de\/index.php\/wp-json\/wp\/v2\/posts"}],"about":[{"href":"https:\/\/krankenhauspfarramt.de\/index.php\/wp-json\/wp\/v2\/types\/post"}],"author":[{"embeddable":true,"href":"https:\/\/krankenhauspfarramt.de\/index.php\/wp-json\/wp\/v2\/users\/2"}],"replies":[{"embeddable":true,"href":"https:\/\/krankenhauspfarramt.de\/index.php\/wp-json\/wp\/v2\/comments?post=8048"}],"version-history":[{"count":1,"href":"https:\/\/krankenhauspfarramt.de\/index.php\/wp-json\/wp\/v2\/posts\/8048\/revisions"}],"predecessor-version":[{"id":8050,"href":"https:\/\/krankenhauspfarramt.de\/index.php\/wp-json\/wp\/v2\/posts\/8048\/revisions\/8050"}],"wp:featuredmedia":[{"embeddable":true,"href":"https:\/\/krankenhauspfarramt.de\/index.php\/wp-json\/wp\/v2\/media\/8049"}],"wp:attachment":[{"href":"https:\/\/krankenhauspfarramt.de\/index.php\/wp-json\/wp\/v2\/media?parent=8048"}],"wp:term":[{"taxonomy":"category","embeddable":true,"href":"https:\/\/krankenhauspfarramt.de\/index.php\/wp-json\/wp\/v2\/categories?post=8048"},{"taxonomy":"post_tag","embeddable":true,"href":"https:\/\/krankenhauspfarramt.de\/index.php\/wp-json\/wp\/v2\/tags?post=8048"}],"curies":[{"name":"wp","href":"https:\/\/api.w.org\/{rel}","templated":true}]}}