{"id":8051,"date":"2025-04-20T06:52:08","date_gmt":"2025-04-20T06:52:08","guid":{"rendered":"https:\/\/krankenhauspfarramt.de\/index.php\/2025\/04\/20\/oekumene-ostern-2025-gemeinsam-feiern-ekd\/"},"modified":"2025-04-20T06:52:09","modified_gmt":"2025-04-20T06:52:09","slug":"oekumene-ostern-2025-gemeinsam-feiern-ekd","status":"publish","type":"post","link":"https:\/\/krankenhauspfarramt.de\/index.php\/2025\/04\/20\/oekumene-ostern-2025-gemeinsam-feiern-ekd\/","title":{"rendered":"\u00d6kumene-Ostern 2025 gemeinsam feiern \u2013 EKD"},"content":{"rendered":"<p> <br \/>\n<\/p>\n<div>\n<p>Br\u00fcssel (epd). Die Konferenz Europ\u00e4ischer Kirchen (KEK) hat auf die \u00f6kumenische Bedeutung des diesj\u00e4hrigen Osterfestes aufmerksam gemacht. Am 20. April werde sich die gesamte christliche Welt an das einzigartige Ereignis erinnern und es feiern, bei dem Gott seine Liebe zur Welt offenbart hat, erkl\u00e4rte der KEK-Pr\u00e4sident, der griechisch-orthodoxe Erzbischof Nikitas von Thyateira und Gro\u00dfbritannien in Br\u00fcssel. Ostern f\u00e4llt 2025 f\u00fcr Christinnen und Christen aller Traditionen auf denselben Tag. Das letzte simultane Osterfest war 2017. Das n\u00e4chste Mal f\u00e4llt Ostern in drei Jahren zusammen: 2028.<\/p>\n<\/p><\/div>\n<div id=\"\">\n<p>In der Regel feiern von weltweit mehr als 2,5 Milliarden Christen rund 260 Millionen Orthodoxe die Auferstehung Jesu Christi mit zum Teil wochenlangem Abstand. Sie richten sich im Prinzip nach dem julianischen Kalender, w\u00e4hrend die westlichen Kirchen dem gregorianischen Kalender folgen. Seit Jahrzehnten gibt es Pl\u00e4ne der Weltkirchen, dies zu \u00e4ndern, sodass Anh\u00e4nger der drei gro\u00dfen Konfessionsfamilien Protestantismus, Katholizismus und Orthodoxie Ostern am selben Tag feiern k\u00f6nnten. Bislang ist das Bem\u00fchen darum ohne Erfolg geblieben.<\/p>\n<p>\u201eWir, die Konferenz Europ\u00e4ischer Kirchen, wenden uns an Sie, unsere Familie und unsere Freunde, und laden Sie ein, mit uns in der Herrlichkeit und im Licht der Auferstehung zu wandeln\u201c, erkl\u00e4rte der orthodoxe Theologe Nikitas weiter: \u201eFeiern Sie und freuen Sie sich, denn eine neue Morgend\u00e4mmerung ist angebrochen, die die Dunkelheit der S\u00fcnde und des B\u00f6sen vertreibt, denn die Sonne der Gerechtigkeit erhellt die Welt mit ihrer Botschaft der Wahrheit.\u201c<\/p>\n<p>Die Konferenz Europ\u00e4ischer Kirchen repr\u00e4sentiert 114 orthodoxe, protestantische, anglikanische und alt-katholische Kirchen aus ganz Europa. Die KEK entstand 1959 als friedensstiftende Initiative, um w\u00e4hrend des Kalten Krieges Br\u00fccken zwischen Ost und West zu bauen.<\/p>\n<\/div>\n","protected":false},"excerpt":{"rendered":"<p>Br\u00fcssel (epd). Die Konferenz Europ\u00e4ischer Kirchen (KEK) hat auf die \u00f6kumenische Bedeutung des diesj\u00e4hrigen Osterfestes aufmerksam gemacht. Am 20. April<\/p>\n","protected":false},"author":2,"featured_media":8052,"comment_status":"closed","ping_status":"closed","sticky":false,"template":"","format":"standard","meta":{"footnotes":""},"categories":[20],"tags":[],"_links":{"self":[{"href":"https:\/\/krankenhauspfarramt.de\/index.php\/wp-json\/wp\/v2\/posts\/8051"}],"collection":[{"href":"https:\/\/krankenhauspfarramt.de\/index.php\/wp-json\/wp\/v2\/posts"}],"about":[{"href":"https:\/\/krankenhauspfarramt.de\/index.php\/wp-json\/wp\/v2\/types\/post"}],"author":[{"embeddable":true,"href":"https:\/\/krankenhauspfarramt.de\/index.php\/wp-json\/wp\/v2\/users\/2"}],"replies":[{"embeddable":true,"href":"https:\/\/krankenhauspfarramt.de\/index.php\/wp-json\/wp\/v2\/comments?post=8051"}],"version-history":[{"count":1,"href":"https:\/\/krankenhauspfarramt.de\/index.php\/wp-json\/wp\/v2\/posts\/8051\/revisions"}],"predecessor-version":[{"id":8053,"href":"https:\/\/krankenhauspfarramt.de\/index.php\/wp-json\/wp\/v2\/posts\/8051\/revisions\/8053"}],"wp:featuredmedia":[{"embeddable":true,"href":"https:\/\/krankenhauspfarramt.de\/index.php\/wp-json\/wp\/v2\/media\/8052"}],"wp:attachment":[{"href":"https:\/\/krankenhauspfarramt.de\/index.php\/wp-json\/wp\/v2\/media?parent=8051"}],"wp:term":[{"taxonomy":"category","embeddable":true,"href":"https:\/\/krankenhauspfarramt.de\/index.php\/wp-json\/wp\/v2\/categories?post=8051"},{"taxonomy":"post_tag","embeddable":true,"href":"https:\/\/krankenhauspfarramt.de\/index.php\/wp-json\/wp\/v2\/tags?post=8051"}],"curies":[{"name":"wp","href":"https:\/\/api.w.org\/{rel}","templated":true}]}}