{"id":8057,"date":"2025-04-21T11:55:47","date_gmt":"2025-04-21T11:55:47","guid":{"rendered":"https:\/\/krankenhauspfarramt.de\/index.php\/2025\/04\/21\/wirkkraeftig-nahbar-und-von-hoffnung-tief-durchdrungen-ekd\/"},"modified":"2025-04-21T11:55:47","modified_gmt":"2025-04-21T11:55:47","slug":"wirkkraeftig-nahbar-und-von-hoffnung-tief-durchdrungen-ekd","status":"publish","type":"post","link":"https:\/\/krankenhauspfarramt.de\/index.php\/2025\/04\/21\/wirkkraeftig-nahbar-und-von-hoffnung-tief-durchdrungen-ekd\/","title":{"rendered":"wirkkr\u00e4ftig, nahbar und von Hoffnung tief durchdrungen \u2013 EKD"},"content":{"rendered":"<p> <br \/>\n<\/p>\n<div id=\"\">\n<div class=\"article--meta article--meta__border clearfix\">\n<p>                                    <time datetime=\"21.04.2025 11:00\" class=\"article--time\">21.04.2025<\/time><\/p>\n<p>                                     <strong class=\"article--type primus--overline\">Pressemitteilung<\/strong><\/p>\n<picture class=\"article--source-image image\"><source srcset=\"https:\/\/www.ekd.de\/ekd_de\/ds_img\/assets\/20170622_ekd-Quellenlogo_141_rdax_423x118.png\"><!--<source srcset=\"\/ekd_de\/ds_img\/assets\/20170622_ekd-Quellenlogo_141_rdax_141x39.png 1x, \/ekd_de\/ds_img\/assets\/20170622_ekd-Quellenlogo_141_rdax_282x78.png 2x, https:\/\/www.ekd.de\/ekd_de\/ds_img\/assets\/20170622_ekd-Quellenlogo_141_rdax_423x118.png 3x\">--><\/p>\n<p>    <\/source><\/picture>\n<\/p><\/div>\n<h2 class=\"article--sub-headline primus--sub-headline\">EKD-Ratsvorsitzende erinnert an verstorbenen Franziskus<\/h2>\n<\/p><\/div>\n<div id=\"\">\n<p>Die Evangelische Kirche in Deutschland (EKD) reagiert mit Trauer und Anteilnahme auf den Tod von Papst Franziskus. Die Ratsvorsitzende, Bisch\u00f6fin Kirsten Fehrs, w\u00fcrdigt Franziskus als einen \u201egeistlich von Hoffnung tief durchdrungenen Papst, der sich zugleich auf ber\u00fchrende Gesten verstand, um auf das Elend in der Welt aufmerksam zu machen.\u201c Markant und fr\u00fcher als viele andere habe er die Welt \u00fcber die Not der Gefl\u00fcchteten auf Lampedusa alarmiert. Mit seiner Umwelt-Enzyklika \u201aLaudato si\u2018 setzte er internationale Ma\u00dfst\u00e4be und verlieh seiner Mahnung in sch\u00f6pfungsverantwortlicher Perspektive Wirkungskraft und theologischen Nachdruck, so Bisch\u00f6fin Fehrs. \u201eTief beeindruckend war seine menschliche Nahbarkeit und aufrichtige Bescheidenheit. Er ging stets auf alle Menschen zu. Das lie\u00df ihn zum Segen werden.\u201c<\/p>\n<p>Die Ratsvorsitzende hebt den Einsatz von Papst Franziskus f\u00fcr Frieden, Verst\u00e4ndigung und Barmherzigkeit weltweit hervor. \u201eAls evangelische Christinnen und Christen sind wir dankbar daf\u00fcr, wie er f\u00fcr den internationalen Zusammenhalt in Wort und Tat eingetreten ist.\u201c Papst Franziskus habe die Staatengemeinschaft aus seiner christlichen Grund\u00fcberzeugung heraus immer wieder dazu aufgefordert, ihrer Verantwortung f\u00fcr die Welt gerecht zu werden. \u201eAngesichts der aktuellen Herausforderungen hat Papst Franziskus bis zuletzt die geistigen und kulturellen Wurzeln Europas betont und an die Friedenspflicht des Kontinents appelliert.\u201c<\/p>\n<p>Die Ratsvorsitzende erinnert auch an die \u00f6kumenischen Akzentsetzungen von Franziskus. Ein herausragender Moment sei dabei die \u00f6kumenische Begegnung im Vorfeld des 500-j\u00e4hrigen Reformationsjubil\u00e4ums 2017 in Rom gewesen. \u201eDieser gemeinsame Blick auf das Reformationsgedenken war ein starkes Zeichen gegenseitiger Wertsch\u00e4tzung\u201c, meint die Bisch\u00f6fin r\u00fcckblickend. Mit der Einsetzung eines weltweiten synodalen Prozesses habe Papst Franziskus als im Herzen konservativer Katholik einen entscheidenden \u00f6kumenischen Schritt initiiert. \u201eAuch wenn wir als evangelische Kirche manche Fragen anders beurteilen, haben wir in dem von Franziskus angesto\u00dfenen Prozess dankbar den Versuch wahrgenommen, die christlichen Kirchen weltweit am Evangelium von der Auferstehung Jesu Christi auszurichten und zu einem Leben zu ermutigen, das sich innerhalb des christlichen Wertekanons bewegt. Er hat buchst\u00e4blich bis zum letzten Atemzug weltweit Gottes Segen weitergegeben\u201c, so die Ratsvorsitzende. \u201eM\u00f6gen die \u00f6sterlichen Worte allen Trost und Hoffnung geben, die jetzt um Papst Franziskus trauern:\u00a0\u201aChristus spricht: Ich bin die Auferstehung und das Leben, wer an mich glaubt, der wird leben, auch wenn er stirbt.\u2018\u201c (Johannes, 11,25)<\/p>\n<p>Hannover, 21. April 2025<\/p>\n<p>Pressestelle der EKD<br \/>Lisa Schaube<\/p>\n<p>\u00a0<\/p>\n<p>\u00a0<\/p>\n<\/div>\n","protected":false},"excerpt":{"rendered":"<p>21.04.2025 Pressemitteilung EKD-Ratsvorsitzende erinnert an verstorbenen Franziskus Die Evangelische Kirche in Deutschland (EKD) reagiert mit Trauer und Anteilnahme auf den<\/p>\n","protected":false},"author":2,"featured_media":7719,"comment_status":"closed","ping_status":"closed","sticky":false,"template":"","format":"standard","meta":{"footnotes":""},"categories":[20],"tags":[],"_links":{"self":[{"href":"https:\/\/krankenhauspfarramt.de\/index.php\/wp-json\/wp\/v2\/posts\/8057"}],"collection":[{"href":"https:\/\/krankenhauspfarramt.de\/index.php\/wp-json\/wp\/v2\/posts"}],"about":[{"href":"https:\/\/krankenhauspfarramt.de\/index.php\/wp-json\/wp\/v2\/types\/post"}],"author":[{"embeddable":true,"href":"https:\/\/krankenhauspfarramt.de\/index.php\/wp-json\/wp\/v2\/users\/2"}],"replies":[{"embeddable":true,"href":"https:\/\/krankenhauspfarramt.de\/index.php\/wp-json\/wp\/v2\/comments?post=8057"}],"version-history":[{"count":1,"href":"https:\/\/krankenhauspfarramt.de\/index.php\/wp-json\/wp\/v2\/posts\/8057\/revisions"}],"predecessor-version":[{"id":8058,"href":"https:\/\/krankenhauspfarramt.de\/index.php\/wp-json\/wp\/v2\/posts\/8057\/revisions\/8058"}],"wp:featuredmedia":[{"embeddable":true,"href":"https:\/\/krankenhauspfarramt.de\/index.php\/wp-json\/wp\/v2\/media\/7719"}],"wp:attachment":[{"href":"https:\/\/krankenhauspfarramt.de\/index.php\/wp-json\/wp\/v2\/media?parent=8057"}],"wp:term":[{"taxonomy":"category","embeddable":true,"href":"https:\/\/krankenhauspfarramt.de\/index.php\/wp-json\/wp\/v2\/categories?post=8057"},{"taxonomy":"post_tag","embeddable":true,"href":"https:\/\/krankenhauspfarramt.de\/index.php\/wp-json\/wp\/v2\/tags?post=8057"}],"curies":[{"name":"wp","href":"https:\/\/api.w.org\/{rel}","templated":true}]}}