{"id":8059,"date":"2025-04-22T15:37:16","date_gmt":"2025-04-22T15:37:16","guid":{"rendered":"https:\/\/krankenhauspfarramt.de\/index.php\/2025\/04\/22\/ekd-synodenpraeses-pflichtdienst-denkbar-ekd\/"},"modified":"2025-04-22T15:37:17","modified_gmt":"2025-04-22T15:37:17","slug":"ekd-synodenpraeses-pflichtdienst-denkbar-ekd","status":"publish","type":"post","link":"https:\/\/krankenhauspfarramt.de\/index.php\/2025\/04\/22\/ekd-synodenpraeses-pflichtdienst-denkbar-ekd\/","title":{"rendered":"EKD-Synodenpr\u00e4ses: Pflichtdienst denkbar \u2013 EKD"},"content":{"rendered":"<p> <br \/>\n<\/p>\n<div id=\"\">\n        <!-- RSPEAK_START --><\/p>\n<header class=\"large-10 columns article--header\">\n<div class=\"article--meta article--meta__border clearfix\">\n<p>                                    <time datetime=\"22.04.2025 00:00\" class=\"article--time\">22.04.2025<\/time><\/p>\n<p>                                    <strong class=\"article--type primus--overline\">News<\/strong><\/p>\n<picture class=\"article--source-image image\"><source srcset=\"https:\/\/www.ekd.de\/ekd_de\/ds_img\/assets\/20170329_epd-Quellenlogo_141.png\"><!--<source srcset=\"https:\/\/www.ekd.de\/ekd_de\/ds_img\/assets\/20170329_epd-Quellenlogo_141.png 1x, https:\/\/www.ekd.de\/ekd_de\/ds_img\/assets\/20170329_epd-Quellenlogo_141.png 2x, https:\/\/www.ekd.de\/ekd_de\/ds_img\/assets\/20170329_epd-Quellenlogo_141.png 3x\">--><\/p>\n<p>    <\/source><\/picture>\n<\/p><\/div>\n<\/header>\n<div class=\"large-8 columns large-offset-1 \">\n<p>K\u00f6ln (epd). Die Pr\u00e4ses der Synode der Evangelischen Kirche in Deutschland (EKD), Anna-Nicole Heinrich, kann sich die Einf\u00fchrung eines gesellschaftlichen Pflichtdienstes vorstellen, der auch die Bundeswehr umfasst. Dass es solch eine Pflicht f\u00fcr b\u00fcrgerschaftliches Engagement geben k\u00f6nnte, \u201eweil ich ein B\u00fcrger mit Rechten und Pflichten bin, das ist eine Br\u00fccke, \u00fcber die ich gedanklich im Moment schon gehen kann\u201c, sagte Heinrich im \u201eInterview der Woche\u201c im Deutschlandfunk. Ein Dienst in der Bundeswehr k\u00f6nne eine Form von b\u00fcrgerschaftlichem Engagement sein, f\u00fcgte sie auf Nachfrage hinzu.<\/p>\n<p>Die Synodenpr\u00e4ses pl\u00e4dierte zugleich daf\u00fcr, keinen Menschen zum Dienst an der Waffe zu zwingen. Es gebe auch andere M\u00f6glichkeiten, \u201edie f\u00fcr eine Verteidigungsf\u00e4higkeit eines Landes genauso wichtig sind\u201c. Die h\u00e4nge nicht nur an der St\u00e4rke der Bundeswehr, \u201esondern es h\u00e4ngt auch an der Stabilit\u00e4t unserer Zivilgesellschaft, unserer Hilfswerke\u201c. \u201eEs gibt mehrere Optionen, sich f\u00fcr unser Land einzusetzen und starkzumachen\u201c, sagte Heinrich.<\/p>\n<p>Sie wies darauf hin, dass ihre Position zu einem Pflichtdienst nicht der \u201ePfad\u201c der evangelischen Kirche sei. Der EKD-Milit\u00e4rbischof Bernhard Felmberg etwa bef\u00fcrwortet den von Verteidigungsminister Boris Pistorius (SPD) vorgeschlagenen Weg, die Bereitschaft f\u00fcr einen Dienst in der Bundeswehr zun\u00e4chst bei jungen Menschen abzufragen. Auch die Diakonie hatte sich in der Vergangenheit gegen ein Pflichtjahr ausgesprochen.<\/p>\n<\/p><\/div>\n<p>        <!-- RSPEAK_STOP --><\/p>\n<footer class=\"article--footer\">\n<\/footer><\/div>\n","protected":false},"excerpt":{"rendered":"<p>22.04.2025 News K\u00f6ln (epd). Die Pr\u00e4ses der Synode der Evangelischen Kirche in Deutschland (EKD), Anna-Nicole Heinrich, kann sich die Einf\u00fchrung<\/p>\n","protected":false},"author":2,"featured_media":7928,"comment_status":"closed","ping_status":"closed","sticky":false,"template":"","format":"standard","meta":{"footnotes":""},"categories":[20],"tags":[],"_links":{"self":[{"href":"https:\/\/krankenhauspfarramt.de\/index.php\/wp-json\/wp\/v2\/posts\/8059"}],"collection":[{"href":"https:\/\/krankenhauspfarramt.de\/index.php\/wp-json\/wp\/v2\/posts"}],"about":[{"href":"https:\/\/krankenhauspfarramt.de\/index.php\/wp-json\/wp\/v2\/types\/post"}],"author":[{"embeddable":true,"href":"https:\/\/krankenhauspfarramt.de\/index.php\/wp-json\/wp\/v2\/users\/2"}],"replies":[{"embeddable":true,"href":"https:\/\/krankenhauspfarramt.de\/index.php\/wp-json\/wp\/v2\/comments?post=8059"}],"version-history":[{"count":1,"href":"https:\/\/krankenhauspfarramt.de\/index.php\/wp-json\/wp\/v2\/posts\/8059\/revisions"}],"predecessor-version":[{"id":8060,"href":"https:\/\/krankenhauspfarramt.de\/index.php\/wp-json\/wp\/v2\/posts\/8059\/revisions\/8060"}],"wp:featuredmedia":[{"embeddable":true,"href":"https:\/\/krankenhauspfarramt.de\/index.php\/wp-json\/wp\/v2\/media\/7928"}],"wp:attachment":[{"href":"https:\/\/krankenhauspfarramt.de\/index.php\/wp-json\/wp\/v2\/media?parent=8059"}],"wp:term":[{"taxonomy":"category","embeddable":true,"href":"https:\/\/krankenhauspfarramt.de\/index.php\/wp-json\/wp\/v2\/categories?post=8059"},{"taxonomy":"post_tag","embeddable":true,"href":"https:\/\/krankenhauspfarramt.de\/index.php\/wp-json\/wp\/v2\/tags?post=8059"}],"curies":[{"name":"wp","href":"https:\/\/api.w.org\/{rel}","templated":true}]}}