{"id":8061,"date":"2025-04-22T17:00:03","date_gmt":"2025-04-22T17:00:03","guid":{"rendered":"https:\/\/krankenhauspfarramt.de\/index.php\/2025\/04\/22\/lutherische-geistliche-trauern-um-papst-franziskus-ekd\/"},"modified":"2025-04-22T17:00:04","modified_gmt":"2025-04-22T17:00:04","slug":"lutherische-geistliche-trauern-um-papst-franziskus-ekd","status":"publish","type":"post","link":"https:\/\/krankenhauspfarramt.de\/index.php\/2025\/04\/22\/lutherische-geistliche-trauern-um-papst-franziskus-ekd\/","title":{"rendered":"Lutherische Geistliche trauern um Papst Franziskus \u2013 EKD"},"content":{"rendered":"<p> <br \/>\n<\/p>\n<div id=\"\">\n<div class=\"article--meta article--meta__border clearfix\">\n<p>                                    <time datetime=\"22.04.2025 11:00\" class=\"article--time\">22.04.2025<\/time><\/p>\n<p>                                     <strong class=\"article--type primus--overline\">Pressemitteilung<\/strong><\/p>\n<picture class=\"article--source-image image\"><source srcset=\"https:\/\/www.ekd.de\/ekd_de\/ds_img\/assets\/velkd.jpg\"><!--<source srcset=\"\/ekd_de\/ds_img\/assets\/velkd_rdax_141x141s.jpg 1x, \/ekd_de\/ds_img\/assets\/velkd_rdax_282x282s.jpg 2x, https:\/\/www.ekd.de\/ekd_de\/ds_img\/assets\/velkd.jpg 3x\">--><\/p>\n<p>    <\/source><\/picture>\n<\/p><\/div><\/div>\n<div id=\"\">\n<p>Die leitenden Geistlichen der VELKD trauern um Papst Franziskus und nehmen mit gro\u00dfem Respekt Abschied vom Oberhaupt der r\u00f6misch-katholischen Kirche, der am Morgen des Ostermontags im Alter von 88 Jahren verstorben ist \u2013 ein Tag, nachdem er in Rom noch einmal den Segen \u201eUrbi et Orbi\u201c gespendet hatte. \u201eFranziskus war ein Vorbild an Bescheidenheit in Auftreten, Stil und Lehre\u201c, sagt Ralf Meister, der Leitende Bischof der VELKD. \u201e\u201aTheologischer Narzissmus\u2018 war ihm verhasst, er wollte eine Kirche Christi f\u00fcr die Armen, Schwachen und Benachteiligten. Er war in vieler Hinsicht eine Ausnahmeerscheinung, die die r\u00f6misch-katholische Kirche in schweren Zeiten immer wieder gl\u00e4nzen lie\u00df.\u201c Meister dr\u00fcckte auch allen mittrauernden Christinnen und Christen sein Beileid aus: \u201eUnser Mitgef\u00fchl gilt in diesen Tagen unseren Schwestern und Br\u00fcdern, f\u00fcr die der Tod dieses geistlichen Oberhauptes ein herber Verlust ist.\u201c<\/p>\n<p>Die stellvertretende leitende Bisch\u00f6fin der VELKD, Kristina K\u00fchnbaum-Schmidt, die mehrmals zu Audienzen in den Vatikan gereist ist, stellt die Besonderheiten seiner Botschaften heraus: \u201ePapst Franziskus habe ich als zugewandt, aufmerksam und warmherzig erlebt \u2013 und genau davon war auch sein Pontifikat gepr\u00e4gt: den Menschen zugewandt, insbesondere denen in Armut, Leid und Not, aufmerksam f\u00fcr die bedrohte Sch\u00f6pfung und die leidenden Mitgesch\u00f6pfe, klar die Botschaft des Evangeliums verk\u00fcndend. Im tiefen Vertrauen auf Christus richtete er seine Aufmerksamkeit auf die Wunden der Welt. \u00d6ffentlich prangerte er die alles Leben bedrohenden Folgen von Egoismus und Kapitalismus an. Noch vor wenigen Wochen kritisierte er die Fl\u00fcchtlings- und Abschottungspolitik der neuen US-Regierung. Ein Prophet im Hirtenamt, dessen spirituelle Kraft und klare Stimme f\u00fcr N\u00e4chstenliebe, Mitmenschlichkeit und einen achtsamen Umgang mit Gottes Sch\u00f6pfung sehr fehlen wird.\u201c<\/p>\n<p>Der Catholica- und \u00d6kumene-Beauftragte der VELKD, Christian Kopp, betont die Bedeutung des Verstorbenen f\u00fcr die \u00d6kumene: \u201ePapst Franziskus trieb die mit dem Zweiten Vatikanischen Konzil begonnene Auss\u00f6hnung mit den Lutheranern voran. Unvergessen bleibt sein Auftritt beim gemeinsamen Gedenken an das Reformationsjubil\u00e4um 2016 in Lund, bei dem er seinen hohen Respekt vor Martin Luther bekannte. Er hat einen Weg bereitet, auf dem sein Nachfolger nun weitergehen mag.\u201c<\/p>\n<p>Kopps Vorg\u00e4nger, der langj\u00e4hrige Catholica-Beauftragte der VELKD, Karl-Hinrich Manzke, erinnert sich: \u201eMit seinem Papstnamen hat Kardinal Jorge Mario Bergoglio von Anfang an Zeichen gesetzt. Ich habe ihn als eine beeindruckende Pers\u00f6nlichkeit vor Augen! Er hat in seiner Bescheidenheit, Zugewandtheit zu allen Menschen, die ihm begegneten, in seinem Humor und der ihm eigenen unkonventionellen Art, auf Menschen zuzugehen, in seiner Amtsf\u00fchrung Zeichen gesetzt \u2013 ganz im Sinne des Franz von Assisi. Franziskus war f\u00fcr mich ein \u00fcberzeugender Repr\u00e4sentant der ganzen Christenheit.\u201c Zur bleibenden Bedeutung des Papstes sagt er: \u201eEs bleibt das Reformprogramm f\u00fcr seine Kirche, n\u00e4mlich ihre synodale Verfassung neu zu entdecken und umzusetzen. Mehr Beteiligung des gesamten Gottesvolkes, mehr regionale Entscheidungskompetenz. Es wird deshalb aus seinem Pontifikat die Erkenntnis bleiben, dass die Reform der Kirche aus dem Geist Christi \u2013 in jeder konfessionellen Pr\u00e4gung \u2013 eine schwere, fordernde und zugleich wesentliche Aufgabe der Kirche ist.\u201c<\/p>\n<p>Eine ausf\u00fchrlichere W\u00fcrdigung des verstorbenen Papstes als \u00d6kumeniker sowie weitere pers\u00f6nliche Eindr\u00fccke von Begegnungen finden Sie auf www.velkd.de\/franziskus.<\/p>\n<p>Hannover, 21. April 2025<\/p>\n<p>Pressestelle der VELKD<\/p>\n<p>Frank Hofmann<br \/>Pressesprecher<\/p>\n<\/div>\n","protected":false},"excerpt":{"rendered":"<p>22.04.2025 Pressemitteilung Die leitenden Geistlichen der VELKD trauern um Papst Franziskus und nehmen mit gro\u00dfem Respekt Abschied vom Oberhaupt der<\/p>\n","protected":false},"author":2,"featured_media":8062,"comment_status":"closed","ping_status":"closed","sticky":false,"template":"","format":"standard","meta":{"footnotes":""},"categories":[20],"tags":[],"_links":{"self":[{"href":"https:\/\/krankenhauspfarramt.de\/index.php\/wp-json\/wp\/v2\/posts\/8061"}],"collection":[{"href":"https:\/\/krankenhauspfarramt.de\/index.php\/wp-json\/wp\/v2\/posts"}],"about":[{"href":"https:\/\/krankenhauspfarramt.de\/index.php\/wp-json\/wp\/v2\/types\/post"}],"author":[{"embeddable":true,"href":"https:\/\/krankenhauspfarramt.de\/index.php\/wp-json\/wp\/v2\/users\/2"}],"replies":[{"embeddable":true,"href":"https:\/\/krankenhauspfarramt.de\/index.php\/wp-json\/wp\/v2\/comments?post=8061"}],"version-history":[{"count":1,"href":"https:\/\/krankenhauspfarramt.de\/index.php\/wp-json\/wp\/v2\/posts\/8061\/revisions"}],"predecessor-version":[{"id":8063,"href":"https:\/\/krankenhauspfarramt.de\/index.php\/wp-json\/wp\/v2\/posts\/8061\/revisions\/8063"}],"wp:featuredmedia":[{"embeddable":true,"href":"https:\/\/krankenhauspfarramt.de\/index.php\/wp-json\/wp\/v2\/media\/8062"}],"wp:attachment":[{"href":"https:\/\/krankenhauspfarramt.de\/index.php\/wp-json\/wp\/v2\/media?parent=8061"}],"wp:term":[{"taxonomy":"category","embeddable":true,"href":"https:\/\/krankenhauspfarramt.de\/index.php\/wp-json\/wp\/v2\/categories?post=8061"},{"taxonomy":"post_tag","embeddable":true,"href":"https:\/\/krankenhauspfarramt.de\/index.php\/wp-json\/wp\/v2\/tags?post=8061"}],"curies":[{"name":"wp","href":"https:\/\/api.w.org\/{rel}","templated":true}]}}