{"id":8069,"date":"2025-04-25T16:22:22","date_gmt":"2025-04-25T16:22:22","guid":{"rendered":"https:\/\/krankenhauspfarramt.de\/index.php\/2025\/04\/25\/erinnerung-an-befreiung-des-kirchlichen-zwangsarbeiterlagers-ekd\/"},"modified":"2025-04-25T16:22:24","modified_gmt":"2025-04-25T16:22:24","slug":"erinnerung-an-befreiung-des-kirchlichen-zwangsarbeiterlagers-ekd","status":"publish","type":"post","link":"https:\/\/krankenhauspfarramt.de\/index.php\/2025\/04\/25\/erinnerung-an-befreiung-des-kirchlichen-zwangsarbeiterlagers-ekd\/","title":{"rendered":"Erinnerung an Befreiung des kirchlichen Zwangsarbeiterlagers \u2013 EKD"},"content":{"rendered":"<p> <br \/>\n<\/p>\n<div>\n<p>Berlin (epd). An die Befreiung des NS-Zwangsarbeiterlagers auf kirchlichen Friedh\u00f6fen vor 80 Jahren wird am 24. April mit einer Gedenkveranstaltung in Berlin-Neuk\u00f6lln erinnert. Bei der Erinnerungsstunde sollen Zeitzeugenberichte ehemaliger Zwangsarbeiter vorgelesen werden, wie die Evangelische Kirche Berlin-Brandenburg-schlesische Oberlausitz ank\u00fcndigte. In den Berichten schildern die Betroffenen den Tag ihrer Befreiung und die nachfolgenden Ereignisse bis zur R\u00fcckkehr in ihre Heimat. Im Anschluss ist eine F\u00fchrung durch die Ausstellung geplant.<\/p>\n<p>Von 1942 bis 1945 mussten Zwangsarbeiter im Auftrag der christlichen Kirchen in Berlin unter widrigsten Bedingungen Schwerstarbeit auf kirchlichen Friedh\u00f6fen verrichten. Betrieben wurde das Arbeitslager gemeinsam von 39 evangelischen und drei katholischen Kirchengemeinden. Die teilweise Minderj\u00e4hrigen lebten in einem von den Kirchen errichteten Zwangsarbeiterlager auf dem Gel\u00e4nde eines Friedhofs in Berlin-Neuk\u00f6lln. Sie kamen aus den von der Wehrmacht besetzten Gebieten der ehemaligen Sowjetunion, vor allem aus der Ukraine. Am 24. April 1945 wurde das Zwangsarbeiterlager befreit.<\/p>\n<p>An der Gedenkveranstaltung will neben Vertretern der Landeskirche, des Kirchenkreises und der Stiftung Erinnerung, Verantwortung und Zukunft auch die Bevollm\u00e4chtigte der Evangelischen Kirche in Deutschland (EKD), Anne Gidion, teilnehmen. An das Zwangsarbeiterlager wird seit dem Jahr 2000 am historischen Ort erinnert. Am 24. April soll auch eine Informationswand als neuer Bestandteil der st\u00e4ndigen Ausstellung vorgestellt werden.<\/p>\n<\/p><\/div>\n","protected":false},"excerpt":{"rendered":"<p>Berlin (epd). An die Befreiung des NS-Zwangsarbeiterlagers auf kirchlichen Friedh\u00f6fen vor 80 Jahren wird am 24. April mit einer Gedenkveranstaltung<\/p>\n","protected":false},"author":2,"featured_media":8070,"comment_status":"closed","ping_status":"closed","sticky":false,"template":"","format":"standard","meta":{"footnotes":""},"categories":[20],"tags":[],"_links":{"self":[{"href":"https:\/\/krankenhauspfarramt.de\/index.php\/wp-json\/wp\/v2\/posts\/8069"}],"collection":[{"href":"https:\/\/krankenhauspfarramt.de\/index.php\/wp-json\/wp\/v2\/posts"}],"about":[{"href":"https:\/\/krankenhauspfarramt.de\/index.php\/wp-json\/wp\/v2\/types\/post"}],"author":[{"embeddable":true,"href":"https:\/\/krankenhauspfarramt.de\/index.php\/wp-json\/wp\/v2\/users\/2"}],"replies":[{"embeddable":true,"href":"https:\/\/krankenhauspfarramt.de\/index.php\/wp-json\/wp\/v2\/comments?post=8069"}],"version-history":[{"count":1,"href":"https:\/\/krankenhauspfarramt.de\/index.php\/wp-json\/wp\/v2\/posts\/8069\/revisions"}],"predecessor-version":[{"id":8071,"href":"https:\/\/krankenhauspfarramt.de\/index.php\/wp-json\/wp\/v2\/posts\/8069\/revisions\/8071"}],"wp:featuredmedia":[{"embeddable":true,"href":"https:\/\/krankenhauspfarramt.de\/index.php\/wp-json\/wp\/v2\/media\/8070"}],"wp:attachment":[{"href":"https:\/\/krankenhauspfarramt.de\/index.php\/wp-json\/wp\/v2\/media?parent=8069"}],"wp:term":[{"taxonomy":"category","embeddable":true,"href":"https:\/\/krankenhauspfarramt.de\/index.php\/wp-json\/wp\/v2\/categories?post=8069"},{"taxonomy":"post_tag","embeddable":true,"href":"https:\/\/krankenhauspfarramt.de\/index.php\/wp-json\/wp\/v2\/tags?post=8069"}],"curies":[{"name":"wp","href":"https:\/\/api.w.org\/{rel}","templated":true}]}}