{"id":8072,"date":"2025-04-25T20:22:58","date_gmt":"2025-04-25T20:22:58","guid":{"rendered":"https:\/\/krankenhauspfarramt.de\/index.php\/2025\/04\/25\/kloeckner-zum-gespraech-auf-dem-kirchentag-eingeladen-ekd\/"},"modified":"2025-04-25T20:22:59","modified_gmt":"2025-04-25T20:22:59","slug":"kloeckner-zum-gespraech-auf-dem-kirchentag-eingeladen-ekd","status":"publish","type":"post","link":"https:\/\/krankenhauspfarramt.de\/index.php\/2025\/04\/25\/kloeckner-zum-gespraech-auf-dem-kirchentag-eingeladen-ekd\/","title":{"rendered":"Kl\u00f6ckner zum Gespr\u00e4ch auf dem Kirchentag eingeladen \u2013 EKD"},"content":{"rendered":"<p> <br \/>\n<\/p>\n<div>\n<p>Heinrich und Siegesmund zeigten sich verwundert \u00fcber Kl\u00f6ckners Worte: \u201eL\u00e4sst sich die Tagespolitik so einfach von den Kernthemen des christlichen Glaubens trennen?\u201c, schrieben sie in ihrem\u00a0Instagram-Post. Zugleich luden sie die CDU-Politikerin zum Gespr\u00e4ch auf dem Kirchentag in Hannover ein. Es gehe um Fragen wie diese: \u201eWas hei\u00dft es als Christin \u00f6ffentliche Verantwortung zu \u00fcbernehmen? Was bedeutet das &#8218;C&#8216; Ihrer Partei im Verst\u00e4ndnis von Menschenw\u00fcrde und konkreter Politik?\u201c<\/p>\n<p>Der 39. Deutsche Evangelische Kirchentag ist vom 30. April bis 4. Mai in Hannover zu Gast. Er steht unter dem Leitwort \u201emutig &#8211; stark &#8211; beherzt\u201c, das auf einen Bibelvers aus dem ersten Brief des Paulus an die Korinther (1 Kor 16,13-14) im Neuen Testament verweist. Etwa 100.000 Teilnehmer werden erwartet.<\/p>\n<\/p><\/div>\n<p><script async src=\"\/\/www.instagram.com\/embed.js\"><\/script><\/p>\n","protected":false},"excerpt":{"rendered":"<p>Heinrich und Siegesmund zeigten sich verwundert \u00fcber Kl\u00f6ckners Worte: \u201eL\u00e4sst sich die Tagespolitik so einfach von den Kernthemen des christlichen<\/p>\n","protected":false},"author":2,"featured_media":8013,"comment_status":"closed","ping_status":"closed","sticky":false,"template":"","format":"standard","meta":{"footnotes":""},"categories":[20],"tags":[],"_links":{"self":[{"href":"https:\/\/krankenhauspfarramt.de\/index.php\/wp-json\/wp\/v2\/posts\/8072"}],"collection":[{"href":"https:\/\/krankenhauspfarramt.de\/index.php\/wp-json\/wp\/v2\/posts"}],"about":[{"href":"https:\/\/krankenhauspfarramt.de\/index.php\/wp-json\/wp\/v2\/types\/post"}],"author":[{"embeddable":true,"href":"https:\/\/krankenhauspfarramt.de\/index.php\/wp-json\/wp\/v2\/users\/2"}],"replies":[{"embeddable":true,"href":"https:\/\/krankenhauspfarramt.de\/index.php\/wp-json\/wp\/v2\/comments?post=8072"}],"version-history":[{"count":1,"href":"https:\/\/krankenhauspfarramt.de\/index.php\/wp-json\/wp\/v2\/posts\/8072\/revisions"}],"predecessor-version":[{"id":8073,"href":"https:\/\/krankenhauspfarramt.de\/index.php\/wp-json\/wp\/v2\/posts\/8072\/revisions\/8073"}],"wp:featuredmedia":[{"embeddable":true,"href":"https:\/\/krankenhauspfarramt.de\/index.php\/wp-json\/wp\/v2\/media\/8013"}],"wp:attachment":[{"href":"https:\/\/krankenhauspfarramt.de\/index.php\/wp-json\/wp\/v2\/media?parent=8072"}],"wp:term":[{"taxonomy":"category","embeddable":true,"href":"https:\/\/krankenhauspfarramt.de\/index.php\/wp-json\/wp\/v2\/categories?post=8072"},{"taxonomy":"post_tag","embeddable":true,"href":"https:\/\/krankenhauspfarramt.de\/index.php\/wp-json\/wp\/v2\/tags?post=8072"}],"curies":[{"name":"wp","href":"https:\/\/api.w.org\/{rel}","templated":true}]}}