{"id":8074,"date":"2025-04-26T09:46:34","date_gmt":"2025-04-26T09:46:34","guid":{"rendered":"https:\/\/krankenhauspfarramt.de\/index.php\/2025\/04\/26\/ekd-beim-kirchentag-2025-ekd\/"},"modified":"2025-04-26T09:46:35","modified_gmt":"2025-04-26T09:46:35","slug":"ekd-beim-kirchentag-2025-ekd","status":"publish","type":"post","link":"https:\/\/krankenhauspfarramt.de\/index.php\/2025\/04\/26\/ekd-beim-kirchentag-2025-ekd\/","title":{"rendered":"EKD beim Kirchentag 2025 \u2013 EKD"},"content":{"rendered":"<p> <br \/>\n<\/p>\n<div id=\"\">\n<p>Von Mittwoch, 30. April, bis Sonntag, 4. Mai 2025, ist die Evangelische Kirche in Deutschland (EKD) auf dem 39. Deutschen Evangelischen Kirchentag (DEKT) in Hannover pr\u00e4sent \u2013 sichtbar, h\u00f6rbar und ansprechbar.<\/p>\n<p>Mit dem neuen Forum der EKD in Halle 5 (Stand 6-D05) bringt sie auf 600 qm erstmals zahlreiche Arbeits- und Kooperationsbereiche an einem Ort zusammen \u2013 darunter Telefonseelsorge, \u00d6kumene und Auslandsarbeit, die Fachstellen gegen sexualisierte Gewalt sowie die EKD-Initiative \u201eGegen Antisemitismus\u201c. Mit dabei ist auch eine Wiedereintrittsstelle f\u00fcr Gespr\u00e4che und Entscheidungen rund um den Wiedereintritt in die Kirche. Eine B\u00fchne mit abwechslungsreichem Programm (siehe hier), ein Caf\u00e9, ein Ruhebereich und ein Kinderspielbereich machen das Forum zu einem Ort des Austauschs und der Begegnung.<\/p>\n<p>Doch auch jenseits des Forums ist die EKD in Hannover vielf\u00e4ltig vertreten \u2013 mit Podiumsdiskussionen, Bibelarbeiten, Gottesdiensten und Kulturveranstaltungen. Im Fokus: Themen wie Demokratie, Frieden, Vielfalt und Zukunftsgestaltung.<\/p>\n<h4><strong>Highlights mit der Ratsvorsitzenden der EKD, Bisch\u00f6fin Kirsten Fehrs<\/strong><\/h4>\n<p>Do, 1. Mai | 12:30 Uhr | Interview auf dem Roten Sofa, B\u00fchne im Messepark, zwischen Halle 5 &amp; 17<\/p>\n<p>Do, 1. Mai | 15:00 Uhr | Podium: Kinder auf dem Weg zur Demokratie begleiten, Neust\u00e4dter Hof- und Stadtkirche St. Johannis, Rote Reihe 8<\/p>\n<p>Do, 1. Mai | 20:30 Uhr | Gottesdienst: Seafarers\u2018 night \u2013 Von Seeleuten und Seeblindheit, Auferstehungskirche, Helmstedter Str. 59, D\u00f6hren-W\u00fclfel<\/p>\n<p>Fr, 2. Mai | 13:30 Uhr | Friedensgottesdienst mit Bischof Friedrich Kramer: Mutig \u2013 stark \u2013 beherzt den Frieden wagen, Neust\u00e4dter Hof- und Stadtkirche St. Johannis, Rote Reihe 8<\/p>\n<p>Sa, 3. Mai | 9:30 Uhr | Dialogbibelarbeit mit Heribert Prantl (Matth\u00e4us 28,1\u201310), Marktkirche<\/p>\n<p>Sa, 3. Mai | 11:00 Uhr | Podium: Rassistische Realit\u00e4ten \u2013 Wie kann eine diverse Gesellschaft gelingen? Marktkirche<\/p>\n<p>Sa, 3. Mai | 16:30 Uhr | Live-Podcast \u201eHoffnungsmensch\u201c, Halle 6, Messegel\u00e4nde<\/p>\n<h4><strong>Highlights mit Anna-Nicole Heinrich, Pr\u00e4ses der EKD-Synode<\/strong><\/h4>\n<p>Do, 1. Mai | 11:00 Uhr | Podium: Kirchen f\u00fcr alle? Mutig an Vielfalt glauben, Halle 14\/15, Messegel\u00e4nde<\/p>\n<p>Do, 1. Mai | 15:00 Uhr | Podium: Krise als Motor f\u00fcr unsere Demokratie, Halle 4, Messegel\u00e4nde<\/p>\n<p>Fr, 2. Mai | 9:30 Uhr | Dialogbibelarbeit mit Kirchentagspr\u00e4sidentin Anja Siegesmund (Jeremia 29,1\u201314), Theater am Aegi<\/p>\n<p>Fr, 2. Mai | 17:30 Uhr | Interview auf dem Roten Sofa, B\u00fchne im Messepark, zwischen Halle 5 &amp; 17<\/p>\n<p>Fr, 2. Mai | 19:00 Uhr | Podium: Jung, gl\u00e4ubig und (nicht) in der Kirche &#8211; Brauche ich die Kirche f\u00fcr meinen Glauben? Pavillon 34, Messegel\u00e4nde<\/p>\n<p>Fr, 2. Mai | 21:30 Uhr | Segen zur Nacht \u2013 Kerzenmeer, Opernplatz<\/p>\n<p>Sa, 3. Mai | 11:00 Uhr | Podium: Verzichtet f\u00fcr meine Zukunft?! Wie leben wir die Zukunft heute schon? Halle 17, Messegel\u00e4nde<\/p>\n<p>Sa, 3. Mai | 14:15 Uhr | Interview auf dem Roten Sofa mit Dagmar Pruin, Pr\u00e4sidentin der Diakonie Katastrophenhilfe und Brot f\u00fcr die Welt, B\u00fchne im Messepark, zwischen Halle 5 &amp; 17<\/p>\n<p>Weitere Veranstaltungen der Mitglieder des Rates der EKD finden Sie unter: www.ekd.de\/starke-stimmen-kirchentag<\/p>\n<p>Weitere Informationen und Veranstaltungen weiterer EKD-Vertreter*innen finden Sie unter: www.kirchentag.de<\/p>\n<p>Ihr Kontakt zur Pressestelle der EKD w\u00e4hrend des Kirchentages:<\/p>\n<p>Carsten Splitt, 0151-12134283<br \/>Lisa Schaube, 0175-2153573<\/p>\n<\/div>\n","protected":false},"excerpt":{"rendered":"<p>Von Mittwoch, 30. April, bis Sonntag, 4. Mai 2025, ist die Evangelische Kirche in Deutschland (EKD) auf dem 39. Deutschen<\/p>\n","protected":false},"author":2,"featured_media":8075,"comment_status":"closed","ping_status":"closed","sticky":false,"template":"","format":"standard","meta":{"footnotes":""},"categories":[20],"tags":[],"_links":{"self":[{"href":"https:\/\/krankenhauspfarramt.de\/index.php\/wp-json\/wp\/v2\/posts\/8074"}],"collection":[{"href":"https:\/\/krankenhauspfarramt.de\/index.php\/wp-json\/wp\/v2\/posts"}],"about":[{"href":"https:\/\/krankenhauspfarramt.de\/index.php\/wp-json\/wp\/v2\/types\/post"}],"author":[{"embeddable":true,"href":"https:\/\/krankenhauspfarramt.de\/index.php\/wp-json\/wp\/v2\/users\/2"}],"replies":[{"embeddable":true,"href":"https:\/\/krankenhauspfarramt.de\/index.php\/wp-json\/wp\/v2\/comments?post=8074"}],"version-history":[{"count":1,"href":"https:\/\/krankenhauspfarramt.de\/index.php\/wp-json\/wp\/v2\/posts\/8074\/revisions"}],"predecessor-version":[{"id":8076,"href":"https:\/\/krankenhauspfarramt.de\/index.php\/wp-json\/wp\/v2\/posts\/8074\/revisions\/8076"}],"wp:featuredmedia":[{"embeddable":true,"href":"https:\/\/krankenhauspfarramt.de\/index.php\/wp-json\/wp\/v2\/media\/8075"}],"wp:attachment":[{"href":"https:\/\/krankenhauspfarramt.de\/index.php\/wp-json\/wp\/v2\/media?parent=8074"}],"wp:term":[{"taxonomy":"category","embeddable":true,"href":"https:\/\/krankenhauspfarramt.de\/index.php\/wp-json\/wp\/v2\/categories?post=8074"},{"taxonomy":"post_tag","embeddable":true,"href":"https:\/\/krankenhauspfarramt.de\/index.php\/wp-json\/wp\/v2\/tags?post=8074"}],"curies":[{"name":"wp","href":"https:\/\/api.w.org\/{rel}","templated":true}]}}