{"id":8080,"date":"2025-04-28T17:15:51","date_gmt":"2025-04-28T17:15:51","guid":{"rendered":"https:\/\/krankenhauspfarramt.de\/index.php\/2025\/04\/28\/groesste-bibelseite-der-welt-in-mainz-gedruckt-ekd\/"},"modified":"2025-04-28T17:15:53","modified_gmt":"2025-04-28T17:15:53","slug":"groesste-bibelseite-der-welt-in-mainz-gedruckt-ekd","status":"publish","type":"post","link":"https:\/\/krankenhauspfarramt.de\/index.php\/2025\/04\/28\/groesste-bibelseite-der-welt-in-mainz-gedruckt-ekd\/","title":{"rendered":"Gr\u00f6\u00dfte Bibelseite der Welt in Mainz gedruckt \u2013 EKD"},"content":{"rendered":"<p> <br \/>\n<\/p>\n<div>\n<p>Mainz (epd). Buchdrucker haben in Mainz mit einer kuriosen Aktion an den 625. Geburtstag des Erfinders Johannes Gutenberg erinnert. Am Samstag lie\u00df die Internationale Gutenberg-Gesellschaft die nach eigenen Angaben gr\u00f6\u00dfte Bibelseite der Welt drucken. Reproduziert wurde die erste Seite des Johannes-Evangeliums einer Bibel aus Gutenbergs Werkstatt im Format 5,00 mal 7,20 Meter, deren Original im Gutenberg-Museum ausgestellt ist. Der Druck soll k\u00fcnftig im Mainzer Dom zu sehen sein.<\/p>\n<\/p><\/div>\n<div id=\"\">\n<p>Das Format habe sich aus den gr\u00f6\u00dften auf dem Markt erh\u00e4ltlichen industriellen Papierrollen ergeben, sagte Markus Kohz, der Initiator der Aktion, dem Evangelischen Pressedienst (epd). Die Vorlage f\u00fcr die Bibelseite wurde aus zw\u00f6lf h\u00f6lzernen, computergefr\u00e4sten Druckst\u00f6cken zusammengesetzt. Um die Farbe auf das Papier zu pressen, kam ein Kleinwagen zum Einsatz, der viele Male \u00fcber die Druckst\u00f6cke fuhr, dabei allerdings eine kleine Stelle auslie\u00df, so dass die fertige Seite einen einige W\u00f6rter umfassenden Druckfehler aufweist.<\/p>\n<p>Insgesamt dauerte der Druck der Seite vom Einf\u00e4rben der Buchstaben bis zum Aufrichten der fertigen Seite fast drei Stunden. Hunderte Schaulustige begleiteten das Spektakel am Mainzer Rheinufer. F\u00fcr Sonntag war die Anfertigung einer zweiten gro\u00dfformatigen Bibelseite geplant, bei der die Festbesucher mit ihrem K\u00f6rpergewicht die Druckerpresse ersetzen sollen.<\/p>\n<p>Die Herstellung der \u201eweltgr\u00f6\u00dften Bibelseite\u201c war Teil der Er\u00f6ffnungsfeier f\u00fcr den diesj\u00e4hrigen Kultursommer Rheinland-Pfalz. Unter der Dachmarke finden zwischen April und Oktober landesweit mehr als 200 Einzelprojekte und Veranstaltungsreihen aus allen Sparten des Kulturbetriebs statt, darunter bekannte Festivals wie die Wormser Nibelungen-Festspiele, der Ludwigshafener \u201eInselsommer\u201c oder die Filmfestspielen \u201eHeimat Europa\u201c im Hunsr\u00fcck.<\/p>\n<\/div>\n","protected":false},"excerpt":{"rendered":"<p>Mainz (epd). Buchdrucker haben in Mainz mit einer kuriosen Aktion an den 625. Geburtstag des Erfinders Johannes Gutenberg erinnert. Am<\/p>\n","protected":false},"author":2,"featured_media":8081,"comment_status":"closed","ping_status":"closed","sticky":false,"template":"","format":"standard","meta":{"footnotes":""},"categories":[20],"tags":[],"_links":{"self":[{"href":"https:\/\/krankenhauspfarramt.de\/index.php\/wp-json\/wp\/v2\/posts\/8080"}],"collection":[{"href":"https:\/\/krankenhauspfarramt.de\/index.php\/wp-json\/wp\/v2\/posts"}],"about":[{"href":"https:\/\/krankenhauspfarramt.de\/index.php\/wp-json\/wp\/v2\/types\/post"}],"author":[{"embeddable":true,"href":"https:\/\/krankenhauspfarramt.de\/index.php\/wp-json\/wp\/v2\/users\/2"}],"replies":[{"embeddable":true,"href":"https:\/\/krankenhauspfarramt.de\/index.php\/wp-json\/wp\/v2\/comments?post=8080"}],"version-history":[{"count":1,"href":"https:\/\/krankenhauspfarramt.de\/index.php\/wp-json\/wp\/v2\/posts\/8080\/revisions"}],"predecessor-version":[{"id":8082,"href":"https:\/\/krankenhauspfarramt.de\/index.php\/wp-json\/wp\/v2\/posts\/8080\/revisions\/8082"}],"wp:featuredmedia":[{"embeddable":true,"href":"https:\/\/krankenhauspfarramt.de\/index.php\/wp-json\/wp\/v2\/media\/8081"}],"wp:attachment":[{"href":"https:\/\/krankenhauspfarramt.de\/index.php\/wp-json\/wp\/v2\/media?parent=8080"}],"wp:term":[{"taxonomy":"category","embeddable":true,"href":"https:\/\/krankenhauspfarramt.de\/index.php\/wp-json\/wp\/v2\/categories?post=8080"},{"taxonomy":"post_tag","embeddable":true,"href":"https:\/\/krankenhauspfarramt.de\/index.php\/wp-json\/wp\/v2\/tags?post=8080"}],"curies":[{"name":"wp","href":"https:\/\/api.w.org\/{rel}","templated":true}]}}