{"id":8107,"date":"2025-05-01T16:49:55","date_gmt":"2025-05-01T16:49:55","guid":{"rendered":"https:\/\/krankenhauspfarramt.de\/index.php\/2025\/05\/01\/versprechen-an-junge-menschen-auch-einloesen-ekd\/"},"modified":"2025-05-01T16:49:56","modified_gmt":"2025-05-01T16:49:56","slug":"versprechen-an-junge-menschen-auch-einloesen-ekd","status":"publish","type":"post","link":"https:\/\/krankenhauspfarramt.de\/index.php\/2025\/05\/01\/versprechen-an-junge-menschen-auch-einloesen-ekd\/","title":{"rendered":"\u201eVersprechen an junge Menschen auch einl\u00f6sen\u201c \u2013 EKD"},"content":{"rendered":"<p> <br \/>\n<\/p>\n<div id=\"\">\n<div class=\"article--meta article--meta__border clearfix\">\n<p>                                    <time datetime=\"01.05.2025 15:30\" class=\"article--time\">01.05.2025<\/time><\/p>\n<p>                                     <strong class=\"article--type primus--overline\">Pressemitteilung<\/strong><\/p>\n<picture class=\"article--source-image image\"><source srcset=\"https:\/\/www.ekd.de\/ekd_de\/ds_img\/assets\/20170622_ekd-Quellenlogo_141_rdax_423x118.png\"><!--<source srcset=\"\/ekd_de\/ds_img\/assets\/20170622_ekd-Quellenlogo_141_rdax_141x39.png 1x, \/ekd_de\/ds_img\/assets\/20170622_ekd-Quellenlogo_141_rdax_282x78.png 2x, https:\/\/www.ekd.de\/ekd_de\/ds_img\/assets\/20170622_ekd-Quellenlogo_141_rdax_423x118.png 3x\">--><\/p>\n<p>    <\/source><\/picture>\n<\/p><\/div>\n<h2 class=\"article--sub-headline primus--sub-headline\">EKD-Synoden-Pr\u00e4ses auf Kirchentags-Podium: \u201eDemokratie braucht nicht nur Mitsprache, sondern echte Teilhabe, echte Wirksamkeit.\u201c<\/h2>\n<\/p><\/div>\n<div id=\"\">\n<p>Wirksame Beteiligung junger Menschen in Politik und Gesellschaft hat die Pr\u00e4ses der Synode der Evangelischen Kirche in Deutschland (EKD), Anna-Nicole Heinrich, auf dem Deutschen Evangelischen Kirchentag (DEKT) in Hannover gefordert. \u201eDemokratie beruht auf der Idee, dass jeder Mensch z\u00e4hlt, jeder von uns Verantwortung \u00fcbernehmen kann, unabh\u00e4ngig von Herkunft, Status, Meinung oder Alter\u201c, so Heinrich beim Podium \u201eSt\u00fcrmische Zeiten \u2013 Krisen als Motor f\u00fcr unsere Demokratie.\u201c \u201eDas ist f\u00fcr mich eine zutiefst christliche Idee und das Fundament unserer Demokratie.\u201c<\/p>\n<p>Anders als oft dargestellt, fehle es nicht an engagierten jungen Menschen, sondern an wirksamer Beteiligung. \u201eReden wir dar\u00fcber, wie wir die st\u00e4rken k\u00f6nnen, die sich schon engagieren \u2013 und was es braucht, damit noch mehr Menschen wissen: Meine Stimme z\u00e4hlt, mein Beitrag macht einen Unterschied\u201c, so Heinrich bei der Diskussion, an der unter anderem der fr\u00fchere Innenminister Thomas De Maizi\u00e8re mitwirkte. \u201eDas gro\u00dfe Versprechen der Demokratie an junge Menschen ist: Ihr k\u00f6nnt die Zukunft mitgestalten. Aber dieses Versprechen muss auch eingel\u00f6st werden. Was bieten wir jungen Menschen gerade an? Was ist die Zukunftserz\u00e4hlung dieser Gesellschaft?\u201c, fragte die Pr\u00e4ses. \u201eDemokratie braucht nicht nur Mitsprache, sondern echte Teilhabe, echte Wirksamkeit. Gerade in einer Zeit der Krisen braucht es R\u00e4ume, in denen junge Menschen erleben: Meine Ideen haben Platz. Meine Hoffnung hat Zukunft. Eine Demokratie, die das glaubw\u00fcrdig vermittelt, wird auch morgen noch tragen.\u201c<\/p>\n<p>Der DEKT findet noch bis Sonntag, 4. Mai, in Hannover unter dem Motto \u201eMutig \u2013 stark \u2013 beherzt\u201c statt.<\/p>\n<p>Hannover, 1. Mai 2025<\/p>\n<p>Pressestelle der EKD<br \/>Carsten Splitt<\/p>\n<p>Die Podiumsveranstaltung wird auch am Samstag, 3. Mai, 10.55-11.55 Uhr im ZDF ausgestrahlt.<\/p>\n<\/div>\n","protected":false},"excerpt":{"rendered":"<p>01.05.2025 Pressemitteilung EKD-Synoden-Pr\u00e4ses auf Kirchentags-Podium: \u201eDemokratie braucht nicht nur Mitsprache, sondern echte Teilhabe, echte Wirksamkeit.\u201c Wirksame Beteiligung junger Menschen in<\/p>\n","protected":false},"author":2,"featured_media":8075,"comment_status":"closed","ping_status":"closed","sticky":false,"template":"","format":"standard","meta":{"footnotes":""},"categories":[20],"tags":[],"_links":{"self":[{"href":"https:\/\/krankenhauspfarramt.de\/index.php\/wp-json\/wp\/v2\/posts\/8107"}],"collection":[{"href":"https:\/\/krankenhauspfarramt.de\/index.php\/wp-json\/wp\/v2\/posts"}],"about":[{"href":"https:\/\/krankenhauspfarramt.de\/index.php\/wp-json\/wp\/v2\/types\/post"}],"author":[{"embeddable":true,"href":"https:\/\/krankenhauspfarramt.de\/index.php\/wp-json\/wp\/v2\/users\/2"}],"replies":[{"embeddable":true,"href":"https:\/\/krankenhauspfarramt.de\/index.php\/wp-json\/wp\/v2\/comments?post=8107"}],"version-history":[{"count":1,"href":"https:\/\/krankenhauspfarramt.de\/index.php\/wp-json\/wp\/v2\/posts\/8107\/revisions"}],"predecessor-version":[{"id":8108,"href":"https:\/\/krankenhauspfarramt.de\/index.php\/wp-json\/wp\/v2\/posts\/8107\/revisions\/8108"}],"wp:featuredmedia":[{"embeddable":true,"href":"https:\/\/krankenhauspfarramt.de\/index.php\/wp-json\/wp\/v2\/media\/8075"}],"wp:attachment":[{"href":"https:\/\/krankenhauspfarramt.de\/index.php\/wp-json\/wp\/v2\/media?parent=8107"}],"wp:term":[{"taxonomy":"category","embeddable":true,"href":"https:\/\/krankenhauspfarramt.de\/index.php\/wp-json\/wp\/v2\/categories?post=8107"},{"taxonomy":"post_tag","embeddable":true,"href":"https:\/\/krankenhauspfarramt.de\/index.php\/wp-json\/wp\/v2\/tags?post=8107"}],"curies":[{"name":"wp","href":"https:\/\/api.w.org\/{rel}","templated":true}]}}