{"id":8111,"date":"2025-05-05T16:53:42","date_gmt":"2025-05-05T16:53:42","guid":{"rendered":"https:\/\/krankenhauspfarramt.de\/index.php\/2025\/05\/05\/leichtflugzeug-fuer-seenotrettung-getauft-ekd\/"},"modified":"2025-05-05T16:53:43","modified_gmt":"2025-05-05T16:53:43","slug":"leichtflugzeug-fuer-seenotrettung-getauft-ekd","status":"publish","type":"post","link":"https:\/\/krankenhauspfarramt.de\/index.php\/2025\/05\/05\/leichtflugzeug-fuer-seenotrettung-getauft-ekd\/","title":{"rendered":"Leichtflugzeug f\u00fcr Seenotrettung getauft \u2013 EKD"},"content":{"rendered":"<p> <br \/>\n<\/p>\n<div>\n<p>Hannover (epd). Die Hilfsorganisation United4Rescue nimmt ein Leichtflugzeug f\u00fcr die Seenotrettung in Dienst. Die \u201eSeabird 3\u201c war unter anderem \u00fcber Spenden finanziert worden. Sie wurde am Mittwoch auf dem 39. Deutschen Evangelischer Kirchentag von dem Musiker Smudo am Flughafen Hannover-Langenhagen getauft. Zu den Gro\u00dfspendern z\u00e4hlte auch die Evangelische Kirche im Rheinland, die 170.000 Euro beigesteuert hatte. Die \u201eSeabird 3\u201c soll bei der zivilen Seenotrettung \u00fcber dem Mittelmeer und \u00fcber dem Atlantik unterst\u00fctzen, wie United4Rescue mitteilte.<\/p>\n<\/p><\/div>\n<div id=\"\">\n<p>Konkret soll das Flugzeug Monitoring- und Aufkl\u00e4rungsfl\u00fcge durchf\u00fchren, um Seenotf\u00e4lle zu melden und Menschenrechtsverletzungen zu dokumentieren. Geplant seien auch Fl\u00fcge auf der hochgef\u00e4hrlichen Atlantikroute zwischen Westafrika und den Kanarischen Inseln. Laut Internationaler Organisation f\u00fcr Migration (IOM) seien dort allein 2024 \u00fcber 1.100 Menschen ums Leben gekommen, die Dunkelziffer liege vermutlich weit h\u00f6her. Mit zahlreichen weiteren Spenden seien der Kaufpreis des Flugzeugs gedeckt und schon mehrere Eins\u00e4tze finanziell abgesichert.<\/p>\n<p>Vorstandsmitglied Sandra Bils sagte, in einer Zeit, in der Humanit\u00e4t und Fl\u00fcchtlingsschutz unter Druck st\u00fcnden, werde mit der \u201eSeabird 3\u201c ein kraftvolles Zeichen gesetzt. Die Rettung von Menschen in Not sei \u201eeine humanit\u00e4re und menschenrechtliche Pflicht\u201c. Betrieben wird das zweimotorige Flugzeug zusammen mit den Partnerorganisationen Sea-Watch e.V. und der schweizerischen Humanitarian Pilots Initiative (HPI), teilte United4Rescue weiter mit.<\/p>\n<\/div>\n","protected":false},"excerpt":{"rendered":"<p>Hannover (epd). Die Hilfsorganisation United4Rescue nimmt ein Leichtflugzeug f\u00fcr die Seenotrettung in Dienst. Die \u201eSeabird 3\u201c war unter anderem \u00fcber<\/p>\n","protected":false},"author":2,"featured_media":8112,"comment_status":"closed","ping_status":"closed","sticky":false,"template":"","format":"standard","meta":{"footnotes":""},"categories":[20],"tags":[],"_links":{"self":[{"href":"https:\/\/krankenhauspfarramt.de\/index.php\/wp-json\/wp\/v2\/posts\/8111"}],"collection":[{"href":"https:\/\/krankenhauspfarramt.de\/index.php\/wp-json\/wp\/v2\/posts"}],"about":[{"href":"https:\/\/krankenhauspfarramt.de\/index.php\/wp-json\/wp\/v2\/types\/post"}],"author":[{"embeddable":true,"href":"https:\/\/krankenhauspfarramt.de\/index.php\/wp-json\/wp\/v2\/users\/2"}],"replies":[{"embeddable":true,"href":"https:\/\/krankenhauspfarramt.de\/index.php\/wp-json\/wp\/v2\/comments?post=8111"}],"version-history":[{"count":1,"href":"https:\/\/krankenhauspfarramt.de\/index.php\/wp-json\/wp\/v2\/posts\/8111\/revisions"}],"predecessor-version":[{"id":8113,"href":"https:\/\/krankenhauspfarramt.de\/index.php\/wp-json\/wp\/v2\/posts\/8111\/revisions\/8113"}],"wp:featuredmedia":[{"embeddable":true,"href":"https:\/\/krankenhauspfarramt.de\/index.php\/wp-json\/wp\/v2\/media\/8112"}],"wp:attachment":[{"href":"https:\/\/krankenhauspfarramt.de\/index.php\/wp-json\/wp\/v2\/media?parent=8111"}],"wp:term":[{"taxonomy":"category","embeddable":true,"href":"https:\/\/krankenhauspfarramt.de\/index.php\/wp-json\/wp\/v2\/categories?post=8111"},{"taxonomy":"post_tag","embeddable":true,"href":"https:\/\/krankenhauspfarramt.de\/index.php\/wp-json\/wp\/v2\/tags?post=8111"}],"curies":[{"name":"wp","href":"https:\/\/api.w.org\/{rel}","templated":true}]}}