{"id":8114,"date":"2025-05-06T13:10:13","date_gmt":"2025-05-06T13:10:13","guid":{"rendered":"https:\/\/krankenhauspfarramt.de\/index.php\/2025\/05\/06\/kirchentag-endet-mit-aufruf-zur-toleranz-ekd\/"},"modified":"2025-05-06T13:10:14","modified_gmt":"2025-05-06T13:10:14","slug":"kirchentag-endet-mit-aufruf-zur-toleranz-ekd","status":"publish","type":"post","link":"https:\/\/krankenhauspfarramt.de\/index.php\/2025\/05\/06\/kirchentag-endet-mit-aufruf-zur-toleranz-ekd\/","title":{"rendered":"Kirchentag endet mit Aufruf zur Toleranz \u2013 EKD"},"content":{"rendered":"<p> <br \/>\n<\/p>\n<div>\n<p>Im Schlussgottesdienst rief die evangelische Theologin Hanna Reichel zu mehr Toleranz auf. \u201eGottes Liebe sucht bis in den letzten Ecken nach denen, f\u00fcr die wir keine Zeit haben\u201c, sagte sie vor rund 26.000 Menschen auf dem zentralen \u201ePlatz der Menschenrechte\u201c vor dem Neuen Rathaus. Toleranz bedeute aber nicht, sich wegzuducken und einfache Kompromisse einzugehen. \u201eUns trennen Gr\u00e4ben &#8211; auch gesellschaftlich\u201c, sagte Reichel, die als Professorin an der Princeton-Universit\u00e4t im US-Bundesstaat New Jersey lehrt. \u201eDa k\u00f6nnen wir nicht einfach mit Liebe dr\u00fcberb\u00fcgeln.\u201c<\/p>\n<p>In einer bunten Feier mit Gospel, Rap und Pop betonte Reichel: \u201eGottes Liebe macht nicht an deinem Gartenzaun halt. Gottes Liebe ist weiter als dein Social Network.\u201c Angst sorge f\u00fcr einen engen Blick, mit dem niemand Politik machen sollte. Gottes Liebe jedoch helfe dabei, Zumutungen im Miteinander auszuhalten. \u201eAus einem Haufen kleinkarierter Nervens\u00e4gen wird die Gemeinschaft der Heiligen\u201c, sagte die Predigerin unter gro\u00dfem Applaus.<\/p>\n<p>Kirchentagspr\u00e4sidentin Siegesmund rief die Teilnehmenden in dem Gottesdienst zu Zuversicht und gesellschaftlichem Dialog auf. Unter gro\u00dfem Applaus und einer Fanfare von mehreren Hundert Bl\u00e4sern dankte sie zugleich der Polizei und den Sicherheitskr\u00e4ften: \u201eIhr habt uns einen sicheren Kirchentag geschenkt.\u201c<\/p>\n<p>Der W\u00fcrzburger katholische Bischof Franz Jung und die Pr\u00e4sidentin des Zentralkomitees der deutschen Katholiken, Irme Stetter-Karp, luden die Protestanten zum 104. Deutschen Katholikentag vom 13. bis 17. Mai 2026 in W\u00fcrzburg ein. Er steht unter dem Leitwort \u201eHab Mut, steh auf!\u201c.<\/p>\n<p>Zugleich sprachen der Pr\u00e4ses der Evangelischen Kirche im Rheinland, Thorsten Latzel, und der n\u00e4chste Kirchentagspr\u00e4sident Torsten Zugeh\u00f6r eine Einladung zum 40. Deutschen Evangelischen Kirchentag in D\u00fcsseldorf aus. Das Treffen findet vom 5. bis 9. Mai 2027 statt. Der Kirchentag wird dann nach 1973 und 1985 zum dritten Mal in der Landeshauptstadt von Nordrhein-Westfalen zu Gast sein.<\/p>\n<p>In Hannover beteiligten sich die Teilnehmenden an insgesamt rund 1.500 Einzelveranstaltungen in der Innenstadt und auf dem Messegel\u00e4nde, darunter mehrere Gro\u00dfkonzerte unter freiem Himmel. Themen waren aktuelle Herausforderungen wie Antisemitismus, Rechtsextremismus, Friedenspolitik und der Klimawandel sowie Machtmissbrauch in kirchlichen Strukturen.<\/p>\n<\/p><\/div>\n","protected":false},"excerpt":{"rendered":"<p>Im Schlussgottesdienst rief die evangelische Theologin Hanna Reichel zu mehr Toleranz auf. \u201eGottes Liebe sucht bis in den letzten Ecken<\/p>\n","protected":false},"author":2,"featured_media":8115,"comment_status":"closed","ping_status":"closed","sticky":false,"template":"","format":"standard","meta":{"footnotes":""},"categories":[20],"tags":[],"_links":{"self":[{"href":"https:\/\/krankenhauspfarramt.de\/index.php\/wp-json\/wp\/v2\/posts\/8114"}],"collection":[{"href":"https:\/\/krankenhauspfarramt.de\/index.php\/wp-json\/wp\/v2\/posts"}],"about":[{"href":"https:\/\/krankenhauspfarramt.de\/index.php\/wp-json\/wp\/v2\/types\/post"}],"author":[{"embeddable":true,"href":"https:\/\/krankenhauspfarramt.de\/index.php\/wp-json\/wp\/v2\/users\/2"}],"replies":[{"embeddable":true,"href":"https:\/\/krankenhauspfarramt.de\/index.php\/wp-json\/wp\/v2\/comments?post=8114"}],"version-history":[{"count":1,"href":"https:\/\/krankenhauspfarramt.de\/index.php\/wp-json\/wp\/v2\/posts\/8114\/revisions"}],"predecessor-version":[{"id":8116,"href":"https:\/\/krankenhauspfarramt.de\/index.php\/wp-json\/wp\/v2\/posts\/8114\/revisions\/8116"}],"wp:featuredmedia":[{"embeddable":true,"href":"https:\/\/krankenhauspfarramt.de\/index.php\/wp-json\/wp\/v2\/media\/8115"}],"wp:attachment":[{"href":"https:\/\/krankenhauspfarramt.de\/index.php\/wp-json\/wp\/v2\/media?parent=8114"}],"wp:term":[{"taxonomy":"category","embeddable":true,"href":"https:\/\/krankenhauspfarramt.de\/index.php\/wp-json\/wp\/v2\/categories?post=8114"},{"taxonomy":"post_tag","embeddable":true,"href":"https:\/\/krankenhauspfarramt.de\/index.php\/wp-json\/wp\/v2\/tags?post=8114"}],"curies":[{"name":"wp","href":"https:\/\/api.w.org\/{rel}","templated":true}]}}