{"id":8121,"date":"2025-05-08T08:10:06","date_gmt":"2025-05-08T08:10:06","guid":{"rendered":"https:\/\/krankenhauspfarramt.de\/index.php\/2025\/05\/08\/die-ueberlebenden-haben-uns-die-erinnerung-anvertraut-ekd\/"},"modified":"2025-05-08T08:10:07","modified_gmt":"2025-05-08T08:10:07","slug":"die-ueberlebenden-haben-uns-die-erinnerung-anvertraut-ekd","status":"publish","type":"post","link":"https:\/\/krankenhauspfarramt.de\/index.php\/2025\/05\/08\/die-ueberlebenden-haben-uns-die-erinnerung-anvertraut-ekd\/","title":{"rendered":"\u201eDie \u00dcberlebenden haben uns die Erinnerung anvertraut\u201c \u2013 EKD"},"content":{"rendered":"<p> <br \/>\n<\/p>\n<div id=\"\">\n<div class=\"article--meta article--meta__border clearfix\">\n<p>                                    <time datetime=\"08.05.2025 10:00\" class=\"article--time\">08.05.2025<\/time><\/p>\n<p>                                     <strong class=\"article--type primus--overline\">Pressemitteilung<\/strong><\/p>\n<\/p><\/div>\n<h2 class=\"article--sub-headline primus--sub-headline\">\u00d6kumenischer Gedenkgottesdienst zu 80 Jahren Kriegsende<\/h2>\n<\/p><\/div>\n<div id=\"\">\n<p>Mit einem \u00f6kumenischen Gedenkgottesdienst in der Kaiser-Wilhelm-Ged\u00e4chtniskirche zu Berlin haben heute Kirchen und staatliche Vertreter des Endes der Naziherrschaft vor 80 Jahren gedacht. Unter dem Leitwort \u201eHerr, vergib\u201c kamen Klagepsalmen aus der j\u00fcdischen Tradition ebenso zu Wort, wie die Vers\u00f6hnungslitanei von Coventry. Neben Bundespr\u00e4sident Frank-Walter Steinmeier und s\u00e4mtlichen Verfassungsorganen der Bundesrepublik Deutschland waren auch G\u00e4ste aus Gro\u00dfbritannien, Polen und \u00d6sterreich anwesend.<\/p>\n<p>In ihrer Hinf\u00fchrung betonte die Ratsvorsitzende der Evangelischen Kirchen in Deutschland (EKD), Bisch\u00f6fin Kirsten Fehrs, dass es vor allem um die Erinnerung an das Geschehen vor 80 Jahren gehe: Heute erinnern wir. Heute h\u00f6ren wir die bleibende Klage, denn Trauer bleibt.<\/p>\n<p>Fassungslosigkeit und Entsetzen bleiben. Auch nach 80 Jahren. Die Toten klagen an. Die \u00dcberlebenden haben uns ihr Erinnern anvertraut \u2013 und wir h\u00f6ren mit ersch\u00fcttertem Herzen. Und wir sehen zugleich, was f\u00fcr ein Wunder danach m\u00f6glich wurde: Vers\u00f6hnung. Frieden. Ein gemeinsames, demokratisches Europa, ein Europa, das trotz vieler Differenzen zusammenh\u00e4lt. Ich hoffe inst\u00e4ndig, dass das so bleibt.\u201c Die Erinnerung gelte auch den Opfern der Shoah, was sich auch in der Musik des Gottesdienstes zeige: \u201eVon Bach bis zum Klagelied f\u00fcr die Opfer der Shoa, Musik ist universale Sprache, die jeder Mensch versteht. Eine Sprache der Hoffnung, die bleibt, auch wenn der Tod so \u00fcberm\u00e4chtig scheint. Eben: Lebensmelodien \u2026 Wieder lebendig gewordene j\u00fcdische Kultur! Gegen das Vergessen und Verstummen. Denn hinter jeder Melodie verbergen sich Lebensgeschichten j\u00fcdischer Schicksale.\u201c Bisch\u00f6fin Fehrs f\u00fcgte hinzu: \u201eWir wissen: Die Angst und der Schrei Jesu am Kreuz, menschlicher geht es doch kaum, es ist nicht das Ende. Wir leben im Licht von Ostern. Und das kennt eben genau beides \u2013 den Schmerz des Todes und den Aufstand f\u00fcr das Leben. Aufstand f\u00fcr die unverlierbare W\u00fcrde eines jeden Menschen. Das wahrlich haben wir doch in unserem Land gelernt, ein f\u00fcr alle Mal? Die W\u00fcrde des Menschen ist unantastbar! Und so h\u00f6ren wir heute Worte, die ersch\u00fcttern und Worte, die heilen. Wir sprechen Klagegebete \u2013 und lassen uns zur Umkehr rufen.\u201c<\/p>\n<p>Der Vorsitzende der Deutschen Bischofskonferenz, Bischof Dr. Georg B\u00e4tzing, erinnerte mit Dankbarkeit an die zur\u00fcckliegenden 80 Jahre Friedensarbeit: \u201eSp\u00e4testens seit Corona und dem russischen Angriffskrieg gegen die Ukraine wissen wir, wie wenig selbstverst\u00e4ndlich das ist.\u201c Deutschland und Europa seien vor 80 Jahren befreit worden von der nationalsozialistischen Gewaltherrschaft, und \u201eeine schier unglaubliche Friedenszeit ist uns geschenkt worden. Aber die ist nicht vom Himmel gefallen: Gott wirkt durch uns Menschen.\u201c Bischof B\u00e4tzing f\u00fcgte hinzu: \u201eGerechtigkeit und Erbarmen \u2013 diese Grundhaltungen gelingenden Zusammenlebens sind 80 Jahre danach dringlicher denn je. Wie k\u00f6nnen wir die Zeitenwende von damals dankbar erinnern, ohne die heutigen Herausforderungen anzuschauen und vor allem anzugehen? Es scheint ja, als stiege der Gewaltpegel \u00fcberall eher an. Von zunehmender Aggression und Gereiztheit ist die Rede, die Polarisierung in unserer Gesellschaft nimmt zu, extremistische Positionen wirken anziehend. Sollte wirklich zum Fortschritt an Humanit\u00e4t auch die Verfeinerung des L\u00fcgens, F\u00e4lschens und Unterdr\u00fcckens geh\u00f6ren \u2013 von der Perfektionierung der Gewaltaus\u00fcbung in Krieg und Unterdr\u00fcckung sonst ganz zu schweigen? Autokratisches Machtgehabe und \u00f6konomischer Egoismus scheinen im Vormarsch. Und die \u00c4rmste der Armen ist wohl Mutter Erde. \u201aDeren Schmerz sich zu eigen machen\u2018, sei das Gebot der Stunde, empfahl Papst Franziskus zusammen mit Patriarch Bartholom\u00e4us. Nichts sei gef\u00e4hrlicher als Gleichg\u00fcltigkeit und blo\u00dfes Mitl\u00e4ufertum\u201c, so Bischof B\u00e4tzing.<\/p>\n<\/div>\n<div id=\"\">\n    <!-- Test for teaser --><br \/>\n    <!--Val: 1 --><\/p>\n<p>                    \t    <!-- SRC:  --><\/p>\n<aside class=\"article--aside quintus teaser teaser__related rs_skip rs_preserve\">\n<div class=\"teaser--article teaser--content\">\n<figure class=\"teaser--image\">\n                                                    <picture><source media=\"(max-width:935px)\" srcset=\"https:\/\/www.ekd.de\/ekd_de\/ds_img\/assets_1875_x\/20190823_alamy_photo_12_ann_ronan_picture_library_1939_warschau_zerstoert_junge_1875_rdax_625x352_60s.jpg 1x, https:\/\/www.ekd.de\/ekd_de\/ds_img\/assets_1875_x\/20190823_alamy_photo_12_ann_ronan_picture_library_1939_warschau_zerstoert_junge_1875_rdax_1250x704_60s.jpg 2x, https:\/\/www.ekd.de\/ekd_de\/ds_img\/assets_1875_x\/20190823_alamy_photo_12_ann_ronan_picture_library_1939_warschau_zerstoert_junge_1875_rdax_60s.jpg 3x\"><source media=\"(min-width:934px)\" srcset=\"https:\/\/www.ekd.de\/ekd_de\/ds_img\/assets_1875_x\/20190823_alamy_photo_12_ann_ronan_picture_library_1939_warschau_zerstoert_junge_1875_rdax_360x203_70s.jpg 1x, https:\/\/www.ekd.de\/ekd_de\/ds_img\/assets_1875_x\/20190823_alamy_photo_12_ann_ronan_picture_library_1939_warschau_zerstoert_junge_1875_rdax_720x406_70s.jpg 2x, https:\/\/www.ekd.de\/ekd_de\/ds_img\/assets_1875_x\/20190823_alamy_photo_12_ann_ronan_picture_library_1939_warschau_zerstoert_junge_1875_rdax_1080x608_70s.jpg 3x\"><\/source><\/source><\/picture><figcaption\/>\n                                                <\/figure>\n<p class=\"quintus--text teaser--text\">Der Zweite Weltkrieg hat die Welt nur zwanzig Jahre nach dem Ende des Ersten Weltkrieges erneut mit Gewalt und Tod \u00fcbers\u00e4t. Hier finden Sie Material f\u00fcr Andachten und Gottesdienste sowie Hintergrundinformationen zum Zweiten Weltkrieg.<\/p>\n<\/p><\/div>\n<\/aside>\n<div class=\"article--content\">\n<p>Hinweise:<\/p>\n<p>Bereits gestern hatten sich Bisch\u00f6fin Fehrs und Bischof B\u00e4tzing in einem Gemeinsamen Wort zum 80. Jahrestag des Endes des Zweiten Weltkriegs ge\u00e4u\u00dfert. Den Text finden Sie unter www.ekd.de\/Gemeinsame-Erklaerung-8-Mai-1945.\u00a0<\/p>\n<p>Hannover, 8. Mai 2025<\/p>\n<p>Pressestelle der EKD<br \/>Carsten Splitt<\/p>\n<\/p><\/div>\n<\/div>\n","protected":false},"excerpt":{"rendered":"<p>08.05.2025 Pressemitteilung \u00d6kumenischer Gedenkgottesdienst zu 80 Jahren Kriegsende Mit einem \u00f6kumenischen Gedenkgottesdienst in der Kaiser-Wilhelm-Ged\u00e4chtniskirche zu Berlin haben heute Kirchen<\/p>\n","protected":false},"author":2,"featured_media":8122,"comment_status":"closed","ping_status":"closed","sticky":false,"template":"","format":"standard","meta":{"footnotes":""},"categories":[20],"tags":[],"_links":{"self":[{"href":"https:\/\/krankenhauspfarramt.de\/index.php\/wp-json\/wp\/v2\/posts\/8121"}],"collection":[{"href":"https:\/\/krankenhauspfarramt.de\/index.php\/wp-json\/wp\/v2\/posts"}],"about":[{"href":"https:\/\/krankenhauspfarramt.de\/index.php\/wp-json\/wp\/v2\/types\/post"}],"author":[{"embeddable":true,"href":"https:\/\/krankenhauspfarramt.de\/index.php\/wp-json\/wp\/v2\/users\/2"}],"replies":[{"embeddable":true,"href":"https:\/\/krankenhauspfarramt.de\/index.php\/wp-json\/wp\/v2\/comments?post=8121"}],"version-history":[{"count":1,"href":"https:\/\/krankenhauspfarramt.de\/index.php\/wp-json\/wp\/v2\/posts\/8121\/revisions"}],"predecessor-version":[{"id":8123,"href":"https:\/\/krankenhauspfarramt.de\/index.php\/wp-json\/wp\/v2\/posts\/8121\/revisions\/8123"}],"wp:featuredmedia":[{"embeddable":true,"href":"https:\/\/krankenhauspfarramt.de\/index.php\/wp-json\/wp\/v2\/media\/8122"}],"wp:attachment":[{"href":"https:\/\/krankenhauspfarramt.de\/index.php\/wp-json\/wp\/v2\/media?parent=8121"}],"wp:term":[{"taxonomy":"category","embeddable":true,"href":"https:\/\/krankenhauspfarramt.de\/index.php\/wp-json\/wp\/v2\/categories?post=8121"},{"taxonomy":"post_tag","embeddable":true,"href":"https:\/\/krankenhauspfarramt.de\/index.php\/wp-json\/wp\/v2\/tags?post=8121"}],"curies":[{"name":"wp","href":"https:\/\/api.w.org\/{rel}","templated":true}]}}