{"id":8129,"date":"2025-05-08T17:51:55","date_gmt":"2025-05-08T17:51:55","guid":{"rendered":"https:\/\/krankenhauspfarramt.de\/index.php\/2025\/05\/08\/kirchen-gratulieren-merz-zur-wahl-zum-bundeskanzler-ekd\/"},"modified":"2025-05-08T17:51:56","modified_gmt":"2025-05-08T17:51:56","slug":"kirchen-gratulieren-merz-zur-wahl-zum-bundeskanzler-ekd","status":"publish","type":"post","link":"https:\/\/krankenhauspfarramt.de\/index.php\/2025\/05\/08\/kirchen-gratulieren-merz-zur-wahl-zum-bundeskanzler-ekd\/","title":{"rendered":"Kirchen gratulieren Merz zur Wahl zum Bundeskanzler \u2013 EKD"},"content":{"rendered":"<p> <br \/>\n<\/p>\n<div>\n<p>Auch B\u00e4tzing erkl\u00e4rte, notwendige Reformen und die St\u00e4rkung der inneren Sicherheit seien wichtig. \u201e\u00dcber allem muss aber der gesellschaftliche Zusammenhalt stehen, den die Bundesrepublik mehr denn je braucht\u201c, hei\u00dft es in der Mitteilung des Limburger Bischofs.<\/p>\n<p>Als erster Kandidat in der Geschichte der Bundesrepublik verfehlte Merz am Dienstag bei der Wahl zum Regierungschef im ersten Wahlgang die sogenannte Kanzlermehrheit im Parlament. Die schwarz-rote Koalition verf\u00fcgt im Parlament \u00fcber eine relativ knappe Mehrheit: 328 von 630 Abgeordneten geh\u00f6ren den Fraktionen von CDU\/CSU und SPD an. Nach der erfolgreichen Wahl erhielt Merz am Dienstag von Bundespr\u00e4sident Frank-Walter Steinmeier die Ernennungsurkunde und sollte im Anschluss im Bundestag vereidigt werden.<\/p>\n<\/p><\/div>\n","protected":false},"excerpt":{"rendered":"<p>Auch B\u00e4tzing erkl\u00e4rte, notwendige Reformen und die St\u00e4rkung der inneren Sicherheit seien wichtig. \u201e\u00dcber allem muss aber der gesellschaftliche Zusammenhalt<\/p>\n","protected":false},"author":2,"featured_media":7501,"comment_status":"closed","ping_status":"closed","sticky":false,"template":"","format":"standard","meta":{"footnotes":""},"categories":[20],"tags":[],"_links":{"self":[{"href":"https:\/\/krankenhauspfarramt.de\/index.php\/wp-json\/wp\/v2\/posts\/8129"}],"collection":[{"href":"https:\/\/krankenhauspfarramt.de\/index.php\/wp-json\/wp\/v2\/posts"}],"about":[{"href":"https:\/\/krankenhauspfarramt.de\/index.php\/wp-json\/wp\/v2\/types\/post"}],"author":[{"embeddable":true,"href":"https:\/\/krankenhauspfarramt.de\/index.php\/wp-json\/wp\/v2\/users\/2"}],"replies":[{"embeddable":true,"href":"https:\/\/krankenhauspfarramt.de\/index.php\/wp-json\/wp\/v2\/comments?post=8129"}],"version-history":[{"count":1,"href":"https:\/\/krankenhauspfarramt.de\/index.php\/wp-json\/wp\/v2\/posts\/8129\/revisions"}],"predecessor-version":[{"id":8130,"href":"https:\/\/krankenhauspfarramt.de\/index.php\/wp-json\/wp\/v2\/posts\/8129\/revisions\/8130"}],"wp:featuredmedia":[{"embeddable":true,"href":"https:\/\/krankenhauspfarramt.de\/index.php\/wp-json\/wp\/v2\/media\/7501"}],"wp:attachment":[{"href":"https:\/\/krankenhauspfarramt.de\/index.php\/wp-json\/wp\/v2\/media?parent=8129"}],"wp:term":[{"taxonomy":"category","embeddable":true,"href":"https:\/\/krankenhauspfarramt.de\/index.php\/wp-json\/wp\/v2\/categories?post=8129"},{"taxonomy":"post_tag","embeddable":true,"href":"https:\/\/krankenhauspfarramt.de\/index.php\/wp-json\/wp\/v2\/tags?post=8129"}],"curies":[{"name":"wp","href":"https:\/\/api.w.org\/{rel}","templated":true}]}}