{"id":8131,"date":"2025-05-08T20:25:20","date_gmt":"2025-05-08T20:25:20","guid":{"rendered":"https:\/\/krankenhauspfarramt.de\/index.php\/2025\/05\/08\/ekd-ratsvorsitzende-fehrs-gratuliert-zur-papstwahl-ekd\/"},"modified":"2025-05-08T20:25:23","modified_gmt":"2025-05-08T20:25:23","slug":"ekd-ratsvorsitzende-fehrs-gratuliert-zur-papstwahl-ekd","status":"publish","type":"post","link":"https:\/\/krankenhauspfarramt.de\/index.php\/2025\/05\/08\/ekd-ratsvorsitzende-fehrs-gratuliert-zur-papstwahl-ekd\/","title":{"rendered":"EKD-Ratsvorsitzende Fehrs gratuliert zur Papstwahl \u2013 EKD"},"content":{"rendered":"<p> <br \/>\n<\/p>\n<div id=\"\">\n<div class=\"article--meta article--meta__border clearfix\">\n<p>                                    <time datetime=\"08.05.2025 20:00\" class=\"article--time\">08.05.2025<\/time><\/p>\n<p>                                     <strong class=\"article--type primus--overline\">Pressemitteilung<\/strong><\/p>\n<picture class=\"article--source-image image\"><source srcset=\"https:\/\/www.ekd.de\/ekd_de\/ds_img\/assets\/20170622_ekd-Quellenlogo_141_rdax_423x118.png\"><!--<source srcset=\"\/ekd_de\/ds_img\/assets\/20170622_ekd-Quellenlogo_141_rdax_141x39.png 1x, \/ekd_de\/ds_img\/assets\/20170622_ekd-Quellenlogo_141_rdax_282x78.png 2x, https:\/\/www.ekd.de\/ekd_de\/ds_img\/assets\/20170622_ekd-Quellenlogo_141_rdax_423x118.png 3x\">--><\/p>\n<p>    <\/source><\/picture>\n<\/p><\/div>\n<h2 class=\"article--sub-headline primus--sub-headline\">Kirsten Fehrs w\u00fcnscht dem neu gew\u00e4hlten Papst Leo XIV. Gottes Segen und alle Geisteskraft f\u00fcr sein verantwortungsvolles Amt<\/h2>\n<\/p><\/div>\n<div id=\"\">\n<p>Die Vorsitzende des Rates der Evangelischen Kirche in Deutschland (EKD), Kirsten Fehrs, hat der Deutschen Bischofskonferenz und den r\u00f6misch-katholischen Christinnen und Christen in Deutschland zur Wahl von Papst Leo XIV. gratuliert. Den Gl\u00fcckwunsch sprach die Ratsvorsitzende nach der Wahl des neuen Papstes am heutigen Donnerstag aus.<\/p>\n<p>\u201eIch w\u00fcnsche Papst Leo XIV. Gottes reichen Segen und t\u00e4glich aufs Neue alle Geistesgegenwart, die das Vertrauen in die Kirche und ihren weltweiten Zusammenhalt st\u00e4rkt\u201c, so Bisch\u00f6fin Fehrs. Zudem hoffe sie, dass die St\u00e4rkung der \u00f6kumenischen Gemeinschaft mit anderen Konfessionen f\u00fcr den Bischof von Rom weiterhin einen hohen Stellenwert einnehmen m\u00f6ge. \u201eIn einer Welt voller Br\u00fcche und Umbr\u00fcche sind wir als Christinnen und Christen dazu aufgerufen, die Botschaft des befreienden Evangeliums umso deutlicher zu verk\u00fcnden &#8211; und die Menschen erwarten von uns, dass wir es \u00f6kumenisch tun.\u201c\u00a0<\/p>\n<p>Die Erfahrungen des neuen Papstes als Ordensgeistlicher und als Bischof in Lateinamerika lie\u00dfen auf eine innere und \u00e4u\u00dfere Weite hoffen, welche in diesen Zeiten notwendig sei, so Bisch\u00f6fin Fehrs weiter. \u201eIch w\u00fcnsche mir, dass wir als Kirchen weltweit weiterhin zusammenstehen, um f\u00fcr Gerechtigkeit, Frieden, die Bewahrung der Sch\u00f6pfung und f\u00fcr Vers\u00f6hnung einzutreten. Dass Papst Leo XIV. \u00a0in seiner ersten Rede an den \u00f6sterlichen Segen von Franziskus angekn\u00fcpft hat und seinem Vorg\u00e4nger im Amt gedankt hat, verstehe ich als ein klares Signal in diese Richtung.\u201c<\/p>\n<p>Hannover, 8. Mai 2025<\/p>\n<p>Pressestelle der EKD<br \/>Carsten Splitt<\/p>\n<\/div>\n","protected":false},"excerpt":{"rendered":"<p>08.05.2025 Pressemitteilung Kirsten Fehrs w\u00fcnscht dem neu gew\u00e4hlten Papst Leo XIV. Gottes Segen und alle Geisteskraft f\u00fcr sein verantwortungsvolles Amt<\/p>\n","protected":false},"author":2,"featured_media":8132,"comment_status":"closed","ping_status":"closed","sticky":false,"template":"","format":"standard","meta":{"footnotes":""},"categories":[20],"tags":[],"_links":{"self":[{"href":"https:\/\/krankenhauspfarramt.de\/index.php\/wp-json\/wp\/v2\/posts\/8131"}],"collection":[{"href":"https:\/\/krankenhauspfarramt.de\/index.php\/wp-json\/wp\/v2\/posts"}],"about":[{"href":"https:\/\/krankenhauspfarramt.de\/index.php\/wp-json\/wp\/v2\/types\/post"}],"author":[{"embeddable":true,"href":"https:\/\/krankenhauspfarramt.de\/index.php\/wp-json\/wp\/v2\/users\/2"}],"replies":[{"embeddable":true,"href":"https:\/\/krankenhauspfarramt.de\/index.php\/wp-json\/wp\/v2\/comments?post=8131"}],"version-history":[{"count":1,"href":"https:\/\/krankenhauspfarramt.de\/index.php\/wp-json\/wp\/v2\/posts\/8131\/revisions"}],"predecessor-version":[{"id":8133,"href":"https:\/\/krankenhauspfarramt.de\/index.php\/wp-json\/wp\/v2\/posts\/8131\/revisions\/8133"}],"wp:featuredmedia":[{"embeddable":true,"href":"https:\/\/krankenhauspfarramt.de\/index.php\/wp-json\/wp\/v2\/media\/8132"}],"wp:attachment":[{"href":"https:\/\/krankenhauspfarramt.de\/index.php\/wp-json\/wp\/v2\/media?parent=8131"}],"wp:term":[{"taxonomy":"category","embeddable":true,"href":"https:\/\/krankenhauspfarramt.de\/index.php\/wp-json\/wp\/v2\/categories?post=8131"},{"taxonomy":"post_tag","embeddable":true,"href":"https:\/\/krankenhauspfarramt.de\/index.php\/wp-json\/wp\/v2\/tags?post=8131"}],"curies":[{"name":"wp","href":"https:\/\/api.w.org\/{rel}","templated":true}]}}