{"id":8142,"date":"2025-05-13T06:43:39","date_gmt":"2025-05-13T06:43:39","guid":{"rendered":"https:\/\/krankenhauspfarramt.de\/index.php\/2025\/05\/13\/filme-fuer-schulen-und-kirchen-ekd\/"},"modified":"2025-05-13T06:43:41","modified_gmt":"2025-05-13T06:43:41","slug":"filme-fuer-schulen-und-kirchen-ekd","status":"publish","type":"post","link":"https:\/\/krankenhauspfarramt.de\/index.php\/2025\/05\/13\/filme-fuer-schulen-und-kirchen-ekd\/","title":{"rendered":"Filme f\u00fcr Schulen und Kirchen \u2013 EKD"},"content":{"rendered":"<p> <br \/>\n<\/p>\n<div>\n<p>Denn Hauptansprechpartner von Matthias-Film sind mittlerweile die Schulen geworden, wo besonders Kurzfilme zum Einsatz kommen. Daf\u00fcr bietet Matthias-Film Sampler an, zu Themen wie Rassismus, Ausgrenzung und Pubert\u00e4t. Die Programme enthalten Begleitmaterial, das unter der Marke \u201eeducativ\u201c ein wesentlicher Bestandteil des Angebots von Matthias-Film ist. Am Herzen liegen Hassels auch die Module der Projekttage \u201eDemokratie st\u00e4rken\u201c zu Themen wie \u201eRechtsstaatlichkeit\u201c und \u201eMeinungsfreiheit\u201c, die sich an Sch\u00fclerinnen und Sch\u00fcler der Klassen 8 und 9 richten.<\/p>\n<p>Matthias-Film hat sich schon verschiedene Male neu erfunden. Am 13. Mai 1950 unterzeichnete der damalige Filmbeauftragte Werner Hess, eine der pr\u00e4genden Figuren evangelischer Filmarbeit der Nachkriegszeit, den Gesellschaftervertrag der Matthias-Film GmbH. Zugutekam dem Projekt der Erfolg des Films \u201eNachtwache\u201c von Harald Braun, f\u00fcr den Teile der evangelischen Kirche B\u00fcrgschaften \u00fcbernommen hatten, und deren Erl\u00f6se nun Matthias-Film zuflossen.<\/p>\n<p>Was als kleiner Independent-Verleih mit vornehmlich christlich-ethischen Themen begann, der sich auch an der Produktion von Filmen beteiligte, entwickelte sich zu einem gro\u00dfen Schmalfilm-Anbieter in den 70er und 80er Jahren. Mit dem Aufkommen der Medienzentralen in den Landeskirchen wurde Matthias-Film mehr und mehr zu einem Dienstleister, zuerst mit 16-mm-Filmen, dann Videokassetten, jetzt DVDs und Streaming.<\/p>\n<p>Und auch das Angebot hat sich im Laufe der Jahrzehnte gewandelt. Dokumentar- und Spielfilme &#8211; lange wie kurze &#8211; bilden zwar immer noch einen Schwerpunkt im Programm, doch das Portfolio hat sich best\u00e4ndig erweitert durch Lehrfilme und Unterrichtsmaterialien. Mittlerweile geh\u00f6rt auch das Segment \u201eBilderbuchkino\u201c dazu, das sich an Kinder im Vorschulalter richtet.<\/p>\n<\/p><\/div>\n","protected":false},"excerpt":{"rendered":"<p>Denn Hauptansprechpartner von Matthias-Film sind mittlerweile die Schulen geworden, wo besonders Kurzfilme zum Einsatz kommen. Daf\u00fcr bietet Matthias-Film Sampler an,<\/p>\n","protected":false},"author":2,"featured_media":8143,"comment_status":"closed","ping_status":"closed","sticky":false,"template":"","format":"standard","meta":{"footnotes":""},"categories":[20],"tags":[],"_links":{"self":[{"href":"https:\/\/krankenhauspfarramt.de\/index.php\/wp-json\/wp\/v2\/posts\/8142"}],"collection":[{"href":"https:\/\/krankenhauspfarramt.de\/index.php\/wp-json\/wp\/v2\/posts"}],"about":[{"href":"https:\/\/krankenhauspfarramt.de\/index.php\/wp-json\/wp\/v2\/types\/post"}],"author":[{"embeddable":true,"href":"https:\/\/krankenhauspfarramt.de\/index.php\/wp-json\/wp\/v2\/users\/2"}],"replies":[{"embeddable":true,"href":"https:\/\/krankenhauspfarramt.de\/index.php\/wp-json\/wp\/v2\/comments?post=8142"}],"version-history":[{"count":1,"href":"https:\/\/krankenhauspfarramt.de\/index.php\/wp-json\/wp\/v2\/posts\/8142\/revisions"}],"predecessor-version":[{"id":8144,"href":"https:\/\/krankenhauspfarramt.de\/index.php\/wp-json\/wp\/v2\/posts\/8142\/revisions\/8144"}],"wp:featuredmedia":[{"embeddable":true,"href":"https:\/\/krankenhauspfarramt.de\/index.php\/wp-json\/wp\/v2\/media\/8143"}],"wp:attachment":[{"href":"https:\/\/krankenhauspfarramt.de\/index.php\/wp-json\/wp\/v2\/media?parent=8142"}],"wp:term":[{"taxonomy":"category","embeddable":true,"href":"https:\/\/krankenhauspfarramt.de\/index.php\/wp-json\/wp\/v2\/categories?post=8142"},{"taxonomy":"post_tag","embeddable":true,"href":"https:\/\/krankenhauspfarramt.de\/index.php\/wp-json\/wp\/v2\/tags?post=8142"}],"curies":[{"name":"wp","href":"https:\/\/api.w.org\/{rel}","templated":true}]}}