{"id":8145,"date":"2025-05-13T10:44:38","date_gmt":"2025-05-13T10:44:38","guid":{"rendered":"https:\/\/krankenhauspfarramt.de\/index.php\/2025\/05\/13\/entwicklungsministerin-muss-um-geld-fuer-die-aermsten-kaempfen-ekd\/"},"modified":"2025-05-13T10:44:39","modified_gmt":"2025-05-13T10:44:39","slug":"entwicklungsministerin-muss-um-geld-fuer-die-aermsten-kaempfen-ekd","status":"publish","type":"post","link":"https:\/\/krankenhauspfarramt.de\/index.php\/2025\/05\/13\/entwicklungsministerin-muss-um-geld-fuer-die-aermsten-kaempfen-ekd\/","title":{"rendered":"Entwicklungsministerin muss um Geld f\u00fcr die \u00c4rmsten k\u00e4mpfen \u2013 EKD"},"content":{"rendered":"<p> <br \/>\n<\/p>\n<div>\n<p>Berlin (epd). Erneute Einschnitte bei der deutschen Entwicklungszusammenarbeit h\u00e4tten laut der Pr\u00e4sidentin des evangelischen Hilfswerks \u201eBrot f\u00fcr die Welt\u201c, Dagmar Pruin, katastrophale Folgen auf der ganzen Welt. \u201eWenn die Entwicklungsgelder weiter gek\u00fcrzt werden, sterben Menschen\u201c, sagte Pruin dem Evangelischen Pressedienst (epd) und erg\u00e4nzte: \u201eDas muss man leider ganz klar so sagen.\u201c Wegen des R\u00fcckzugs der US-Hilfsagentur USAID entst\u00fcnden vielerorts schon unglaubliche L\u00fccken, insbesondere im Gesundheitssystem.<\/p>\n<\/p><\/div>\n<div id=\"\">\n<p>Pruin, die auch Pr\u00e4sidentin der Diakonie Katastrophenhilfe ist, rief die neue Entwicklungsministerin Reem Alabali-Radovan (SPD) zu einem entschiedenen Auftreten am Kabinettstisch auf. \u201eIch w\u00fcnsche mir, dass die neue Ministerin daf\u00fcr k\u00e4mpft, dass die Regierung gen\u00fcgend Geld f\u00fcr die Entwicklungszusammenarbeit &#8211; und vor allem genug Mittel f\u00fcr die \u00c4rmsten der Armen bereitstellt\u201c, sagte die 54-j\u00e4hrige Theologin. Leider sei in dem Koalitionsvertrag von Union und SPD mit einer Absenkung der Mittel f\u00fcr die \u00f6ffentliche Entwicklungszusammenarbeit das Gegenteil vorgesehen.<\/p>\n<p>\u201eWir leben in einer Welt, in der mehr als 700 Millionen Menschen hungern, das m\u00fcssen wir uns immer wieder vor Augen f\u00fchren\u201c, sagte Pruin. \u201eDem sollten wir als reiches Land mutig gegen\u00fcbertreten und sagen: Das Thema ist uns wichtig und wir haben das auf der Agenda.\u201c<\/p>\n<p>Der Etat f\u00fcr das Bundesentwicklungsministerium war bereits in der vergangenen Legislaturperiode mehrmals gek\u00fcrzt worden. Auch bei der im Ausw\u00e4rtigen Amt angesiedelten humanit\u00e4ren Hilfe gab es Einschnitte. In ihrem Koalitionsvertrag haben CDU\/CSU und SPD eine weitere Absenkung der \u00f6ffentlichen Mittel f\u00fcr die Entwicklungszusammenarbeit in den Raum gestellt.<\/p>\n<\/div>\n<div id=\"\">\n    <!-- Test for teaser --><br \/>\n    <!--Val: 1 --><\/p>\n<p>                    \t    <!-- SRC:  --><\/p>\n<aside class=\"article--aside quintus teaser teaser__related rs_skip rs_preserve\">\n<div class=\"teaser--article teaser--content\">\n<figure class=\"teaser--image\">\n                                                    <picture><source media=\"(max-width:935px)\" srcset=\"https:\/\/www.ekd.de\/ekd_de\/ds_img\/assets_1875_x\/221014_epd_suppenbus_hilfe_naechstenliebe_1875_rdax_625x352_60p.jpg 1x, https:\/\/www.ekd.de\/ekd_de\/ds_img\/assets_1875_x\/221014_epd_suppenbus_hilfe_naechstenliebe_1875_rdax_1250x704_60p.jpg 2x, https:\/\/www.ekd.de\/ekd_de\/ds_img\/assets_1875_x\/221014_epd_suppenbus_hilfe_naechstenliebe_1875_rdax_60p.jpg 3x\"><source media=\"(min-width:934px)\" srcset=\"https:\/\/www.ekd.de\/ekd_de\/ds_img\/assets_1875_x\/221014_epd_suppenbus_hilfe_naechstenliebe_1875_rdax_360x203_70p.jpg 1x, https:\/\/www.ekd.de\/ekd_de\/ds_img\/assets_1875_x\/221014_epd_suppenbus_hilfe_naechstenliebe_1875_rdax_720x406_70p.jpg 2x, https:\/\/www.ekd.de\/ekd_de\/ds_img\/assets_1875_x\/221014_epd_suppenbus_hilfe_naechstenliebe_1875_rdax_1080x608_70p.jpg 3x\"><\/source><\/source><\/picture><figcaption\/>\n                                                <\/figure>\n<p class=\"quintus--text teaser--text\">Der Glaube an Jesus Christus und praktizierte N\u00e4chstenliebe geh\u00f6ren untrennbar zusammen. Deshalb unterh\u00e4lt die Evangelische Kirche in Deutschland Hilfswerke, die sich f\u00fcr Menschen in Not einsetzen &#8211; hierzulande und weltweit.<\/p>\n<\/p><\/div>\n<\/aside>\n<div class=\"article--content\">\n<p>Pruin, die seit 2021 Pr\u00e4sidentin von \u201eBrot f\u00fcr die Welt\u201c und der Diakonie Katastrophenhilfe ist, warnte mit Blick auf den Koalitionsvertrag auch, dass Themen wie Armut oder globale Gesundheit in der deutschen Entwicklungszusammenarbeit in Zukunft weniger wichtig werden k\u00f6nnten. \u201eDeutschland ist so ein starkes und reiches Land\u201c, sagte Pruin: \u201eIch h\u00e4tte mir einen Satz wie &#8218;Man l\u00e4sst keine Menschen verhungern&#8216; sehr im Koalitionsvertrag gew\u00fcnscht.\u201c<\/p>\n<p>Laut Koalitionsvertrag soll die Entwicklungszusammenarbeit st\u00e4rker auf folgende strategische Schwerpunkte ausgerichtet werden: wirtschaftliche Zusammenarbeit und Sicherung des Zugangs zu Rohstoffen, Fluchtursachenbek\u00e4mpfung sowie die Zusammenarbeit im Energiesektor. Zugleich hei\u00dft es: \u201eWir werden uns weiterhin im Kampf gegen Armut, Hunger und Ungleichheit engagieren.\u201c<\/p>\n<\/p><\/div>\n<\/div>\n","protected":false},"excerpt":{"rendered":"<p>Berlin (epd). Erneute Einschnitte bei der deutschen Entwicklungszusammenarbeit h\u00e4tten laut der Pr\u00e4sidentin des evangelischen Hilfswerks \u201eBrot f\u00fcr die Welt\u201c, Dagmar<\/p>\n","protected":false},"author":2,"featured_media":7583,"comment_status":"closed","ping_status":"closed","sticky":false,"template":"","format":"standard","meta":{"footnotes":""},"categories":[20],"tags":[],"_links":{"self":[{"href":"https:\/\/krankenhauspfarramt.de\/index.php\/wp-json\/wp\/v2\/posts\/8145"}],"collection":[{"href":"https:\/\/krankenhauspfarramt.de\/index.php\/wp-json\/wp\/v2\/posts"}],"about":[{"href":"https:\/\/krankenhauspfarramt.de\/index.php\/wp-json\/wp\/v2\/types\/post"}],"author":[{"embeddable":true,"href":"https:\/\/krankenhauspfarramt.de\/index.php\/wp-json\/wp\/v2\/users\/2"}],"replies":[{"embeddable":true,"href":"https:\/\/krankenhauspfarramt.de\/index.php\/wp-json\/wp\/v2\/comments?post=8145"}],"version-history":[{"count":1,"href":"https:\/\/krankenhauspfarramt.de\/index.php\/wp-json\/wp\/v2\/posts\/8145\/revisions"}],"predecessor-version":[{"id":8146,"href":"https:\/\/krankenhauspfarramt.de\/index.php\/wp-json\/wp\/v2\/posts\/8145\/revisions\/8146"}],"wp:featuredmedia":[{"embeddable":true,"href":"https:\/\/krankenhauspfarramt.de\/index.php\/wp-json\/wp\/v2\/media\/7583"}],"wp:attachment":[{"href":"https:\/\/krankenhauspfarramt.de\/index.php\/wp-json\/wp\/v2\/media?parent=8145"}],"wp:term":[{"taxonomy":"category","embeddable":true,"href":"https:\/\/krankenhauspfarramt.de\/index.php\/wp-json\/wp\/v2\/categories?post=8145"},{"taxonomy":"post_tag","embeddable":true,"href":"https:\/\/krankenhauspfarramt.de\/index.php\/wp-json\/wp\/v2\/tags?post=8145"}],"curies":[{"name":"wp","href":"https:\/\/api.w.org\/{rel}","templated":true}]}}