{"id":8147,"date":"2025-05-13T17:23:05","date_gmt":"2025-05-13T17:23:05","guid":{"rendered":"https:\/\/krankenhauspfarramt.de\/index.php\/2025\/05\/13\/neue-melodien-fuer-paul-gerhardt-lieder-gesucht-ekd\/"},"modified":"2025-05-13T17:23:06","modified_gmt":"2025-05-13T17:23:06","slug":"neue-melodien-fuer-paul-gerhardt-lieder-gesucht-ekd","status":"publish","type":"post","link":"https:\/\/krankenhauspfarramt.de\/index.php\/2025\/05\/13\/neue-melodien-fuer-paul-gerhardt-lieder-gesucht-ekd\/","title":{"rendered":"Neue Melodien f\u00fcr Paul-Gerhardt-Lieder gesucht \u2013 EKD"},"content":{"rendered":"<p> <br \/>\n<\/p>\n<div id=\"\">\n<div class=\"article--meta article--meta__border clearfix\">\n<p>                                    <time datetime=\"13.05.2025 14:00\" class=\"article--time\">13.05.2025<\/time><\/p>\n<p>                                     <strong class=\"article--type primus--overline\">Pressemitteilung<\/strong><\/p>\n<picture class=\"article--source-image image\"><source srcset=\"https:\/\/www.ekd.de\/ekd_de\/ds_img\/assets\/velkd.jpg\"><!--<source srcset=\"\/ekd_de\/ds_img\/assets\/velkd_rdax_141x141s.jpg 1x, \/ekd_de\/ds_img\/assets\/velkd_rdax_282x282s.jpg 2x, https:\/\/www.ekd.de\/ekd_de\/ds_img\/assets\/velkd.jpg 3x\">--><\/p>\n<p>    <\/source><\/picture>\n<\/p><\/div>\n<h2 class=\"article--sub-headline primus--sub-headline\">Paul-Gerhardt-Preis unter der Schirmherrschaft von Margot K\u00e4\u00dfmann zum 350. Todestag des Dichters ausgelobt.<\/h2>\n<\/p><\/div>\n<div id=\"\">\n<p>\u201eGeh aus, mein Herz, und suche Freud\u201c, \u201eBefiehl du deine Wege\u201c, \u201eNun ruhen alle W\u00e4lder\u201c\u00a0\u2013 mit diesen Worten verbinden sich bei den meisten Menschen sofort Melodien. Die drei Lieder geh\u00f6ren zu den bekanntesten des lutherischen Pfarrers und Dichters Paul\u00a0Gerhardt (1607-1676). Er schrieb noch 137 weitere, 26 davon finden sich im aktuellen evangelischen Gesangbuch, sieben im katholischen Gotteslob.<\/p>\n<p>Zum 350.\u00a0Todestag des Dichters am 27.\u00a0Mai\u00a02026 rufen die Paul-Gerhardt-Gesellschaft\u00a0e.\u00a0V.\u00a0 die Magazine chrismon und zeitzeichen sowie die VELKD unter der Schirmherrschaft von Margot K\u00e4\u00dfmann zu einem Kompositionswettbewerb auf. Gesucht werden neue Melodien mit mehrstimmigem Begleitsatz (vokal und\/oder instrumental), die von Gemeinden und Gruppen leicht gesungen werden k\u00f6nnen, aber gleichwohl ein spezielles Profil haben. Der Paul-Gerhardt-Preis ist mit insgesamt 6000 Euro dotiert, Einsendeschluss ist der 31.\u00a0Oktober 2025.<\/p>\n<p>\u201eDie verbreiteten Melodien\u201c, sagt Konrad Klek, Pr\u00e4sident der Paul-Gerhardt-Gesellschaft und Vorsitzender der f\u00fcnfk\u00f6pfigen Jury, \u201ehaben nach wie vor ihre Berechtigung. Aber wir wollen dazu anregen, durch neue Melodien den vertrauten Liedern neue Aspekte abzugewinnen und die in der Vergangenheit stets vielf\u00e4ltige musikalische Gerhardt-Rezeption fortzuschreiben.\u201c<\/p>\n<p>Margot K\u00e4\u00dfmann, ehemalige Ratsvorsitzende der EKD, ist bekennender Paul-Gerhardt-Fan und hat deshalb spontan die Schirmherrschaft \u00fcbernommen. Die Gedichte des Pfarrers haben f\u00fcr sie nach wie vor hohe Aktualit\u00e4t: \u201ePaul Gerhardt thematisiert Leiden und Sterben, das Kreuz ist eines seiner gro\u00dfen Themen. Aber niemals bleibt er beim Leiden stehen, immer wieder enden die Verse in der gro\u00dfen Glaubenshoffnung der zuk\u00fcnftigen Welt. Das ist allerdings keine Vertr\u00f6stung, die von dieser Welt ablenkt, wegf\u00fchrt, sondern in die Welt verweist. Leiden ist auch f\u00fcr Paul Gerhardt eine Glaubensanfechtung, aber sie m\u00fcndet in die Erkenntnis, dass gerade, wenn wir leiden, Gott uns tr\u00e4gt, der Glaube unser Halt ist.\u201c<\/p>\n<p>Die ausgezeichneten Melodien werden rund um den Sonntag Kantate 2026 (3.\u00a0Mai) in einer \u00f6ffentlichen Veranstaltung pr\u00e4sentiert. Geplant ist auch ein ZDF-Fernsehgottesdienst zum Thema. Weitere Informationen unter www.velkd.de\/paul-gerhardt-preis.<\/p>\n<p>Das Logo des Paul-Gerhardt-Preises und ein Foto mit Margot K\u00e4\u00dfmann stehen als Download zur Verf\u00fcgung (Credit: VELKD).<\/p>\n<p>Hannover, 13. Mai 2025<\/p>\n<p>Pressestelle der VELKD<\/p>\n<p>Frank Hofmann<br \/>Pressesprecher<\/p>\n<\/div>\n","protected":false},"excerpt":{"rendered":"<p>13.05.2025 Pressemitteilung Paul-Gerhardt-Preis unter der Schirmherrschaft von Margot K\u00e4\u00dfmann zum 350. Todestag des Dichters ausgelobt. \u201eGeh aus, mein Herz, und<\/p>\n","protected":false},"author":2,"featured_media":7504,"comment_status":"closed","ping_status":"closed","sticky":false,"template":"","format":"standard","meta":{"footnotes":""},"categories":[20],"tags":[],"_links":{"self":[{"href":"https:\/\/krankenhauspfarramt.de\/index.php\/wp-json\/wp\/v2\/posts\/8147"}],"collection":[{"href":"https:\/\/krankenhauspfarramt.de\/index.php\/wp-json\/wp\/v2\/posts"}],"about":[{"href":"https:\/\/krankenhauspfarramt.de\/index.php\/wp-json\/wp\/v2\/types\/post"}],"author":[{"embeddable":true,"href":"https:\/\/krankenhauspfarramt.de\/index.php\/wp-json\/wp\/v2\/users\/2"}],"replies":[{"embeddable":true,"href":"https:\/\/krankenhauspfarramt.de\/index.php\/wp-json\/wp\/v2\/comments?post=8147"}],"version-history":[{"count":1,"href":"https:\/\/krankenhauspfarramt.de\/index.php\/wp-json\/wp\/v2\/posts\/8147\/revisions"}],"predecessor-version":[{"id":8148,"href":"https:\/\/krankenhauspfarramt.de\/index.php\/wp-json\/wp\/v2\/posts\/8147\/revisions\/8148"}],"wp:featuredmedia":[{"embeddable":true,"href":"https:\/\/krankenhauspfarramt.de\/index.php\/wp-json\/wp\/v2\/media\/7504"}],"wp:attachment":[{"href":"https:\/\/krankenhauspfarramt.de\/index.php\/wp-json\/wp\/v2\/media?parent=8147"}],"wp:term":[{"taxonomy":"category","embeddable":true,"href":"https:\/\/krankenhauspfarramt.de\/index.php\/wp-json\/wp\/v2\/categories?post=8147"},{"taxonomy":"post_tag","embeddable":true,"href":"https:\/\/krankenhauspfarramt.de\/index.php\/wp-json\/wp\/v2\/tags?post=8147"}],"curies":[{"name":"wp","href":"https:\/\/api.w.org\/{rel}","templated":true}]}}