{"id":8149,"date":"2025-05-14T22:39:27","date_gmt":"2025-05-14T22:39:27","guid":{"rendered":"https:\/\/krankenhauspfarramt.de\/index.php\/2025\/05\/14\/13-05-2025-die-lebensrealitaet-gehoerloser-menschen-authentisch-und-alltagsnah-vermittelt\/"},"modified":"2025-05-14T22:39:27","modified_gmt":"2025-05-14T22:39:27","slug":"13-05-2025-die-lebensrealitaet-gehoerloser-menschen-authentisch-und-alltagsnah-vermittelt","status":"publish","type":"post","link":"https:\/\/krankenhauspfarramt.de\/index.php\/2025\/05\/14\/13-05-2025-die-lebensrealitaet-gehoerloser-menschen-authentisch-und-alltagsnah-vermittelt\/","title":{"rendered":"13.05.2025 \u201eDie Lebensrealit\u00e4t geh\u00f6rloser Menschen authentisch und alltagsnah vermittelt\u201c"},"content":{"rendered":"<p><\/p>\n<div>\n<h2>Landesanstalt f\u00fcr Kommunikation (LFK) pr\u00e4miert Projekt des Evangelischen Medienhauses Stuttgart mit Medienpreis 2025<\/h2>\n<p>Stuttgart. Das medien\u00fcbergreifende Projekt \u201eIch kann dich nicht h\u00f6ren &#8211; Alltag mit Geh\u00f6rlosigkeit\u201c ist mit dem Medienpreis 2025 der baden-w\u00fcrttembergischen Landesanstalt f\u00fcr Kommunikation 2025 in der Kategorie Sonderpreis f\u00fcr gesellschaftliches Engagement ausgezeichnet worden. Das Projekt enthielt neben Radio-Beitr\u00e4gen und Artikeln im Evangelischen Gemeindeblatt auch Videos, Social-Media-Postings und eine zusammenfassende Multimedia-Reportage. Zudem war das Ev. Medienhaus auch in der Kategorie Information \u2013 Lokale\/Regionale H\u00f6rfunk-Berichterstattung f\u00fcr den Radiobeitrag \u201eWeihnachtssingen im Hospiz\u201c nominiert.<\/p>\n<p>Die Jury begr\u00fcndet ihre Entscheidung so: \u201eEin bemerkenswert professioneller, vielf\u00e4ltig recherchierter und multimedialer Beitrag, der die Lebensrealit\u00e4t geh\u00f6rloser Menschen authentisch und alltagsnah vermittelt. Mit au\u00dfergew\u00f6hnlich gro\u00dfem Einsatz aller Beteiligten und in gelungener redaktions\u00fcbergreifender Zusammenarbeit wird hier ein Werk geschaffen, das nicht nur informiert, sondern aktiv zu mehr Verst\u00e4ndnis und Inklusion in der Gesellschaft beitr\u00e4gt.\u201c<\/p>\n<p>Tobias Glawion, Gesch\u00e4ftsf\u00fchrer der Evangelisches Medienhaus GmbH, sagt: \u201eWir sind stolz darauf, dass unser multimediales Projekt zum Thema Geh\u00f6rlosigkeit mit dem renommierten LFK-Medienpreis 2025 ausgezeichnet wurde. Diese Anerkennung unterstreicht die herausragende journalistische Qualit\u00e4t der Medienhaus-Redaktionen und der unabh\u00e4ngigen, evangelischen Publizistik, die einen wesentlichen Beitrag zur St\u00e4rkung unserer Demokratie leistet. Unser Engagement zeigt, wie wichtig es ist, auch denen eine Plattform zu geben, die sonst zu wenig wahrgenommen werden.\u201c<\/p>\n<p>Daniela Milz-Ramming, Landespfarrerin f\u00fcr geb\u00e4rdensprachliche Gemeindearbeit, sagt: \u201eIch bin dankbar f\u00fcr diese M\u00f6glichkeit, in verschiedenen Medien auf die Lage der Geh\u00f6rlosen in unserer Gesellschaft aufmerksam zu machen, und freue mich \u00fcber die Anerkennung, die sich in diesem Preis ausdr\u00fcckt. Es kursieren viele falsche Vorstellungen \u00fcber das Leben geh\u00f6rloser Menschen. Die Beitr\u00e4ge des Medienhauses leisten wichtige Aufkl\u00e4rungsarbeit.\u201c<br \/>\u00a0<\/p>\n<p>Dan Peter<br \/>Sprecher der Landeskirche<\/p>\n<p><strong>HINWEIS:<\/strong>\u00a0Die Multimedia-Reportage finden Sie\u00a0hier. Mehr \u00fcber das Ev. Medienhaus Stuttgart erfahren Sie\u00a0hier und \u00fcber die Landesanstalt f\u00fcr Kommunikation\u00a0hier. Informationen \u00fcber die\u00a0Geb\u00e4rdensprachliche Gemeindearbeit finden Sie\u00a0hier<i>.<\/i><\/p>\n<\/p><\/div>\n","protected":false},"excerpt":{"rendered":"<p>Landesanstalt f\u00fcr Kommunikation (LFK) pr\u00e4miert Projekt des Evangelischen Medienhauses Stuttgart mit Medienpreis 2025 Stuttgart. Das medien\u00fcbergreifende Projekt \u201eIch kann dich<\/p>\n","protected":false},"author":1,"featured_media":0,"comment_status":"closed","ping_status":"closed","sticky":false,"template":"","format":"standard","meta":{"footnotes":""},"categories":[21],"tags":[],"_links":{"self":[{"href":"https:\/\/krankenhauspfarramt.de\/index.php\/wp-json\/wp\/v2\/posts\/8149"}],"collection":[{"href":"https:\/\/krankenhauspfarramt.de\/index.php\/wp-json\/wp\/v2\/posts"}],"about":[{"href":"https:\/\/krankenhauspfarramt.de\/index.php\/wp-json\/wp\/v2\/types\/post"}],"author":[{"embeddable":true,"href":"https:\/\/krankenhauspfarramt.de\/index.php\/wp-json\/wp\/v2\/users\/1"}],"replies":[{"embeddable":true,"href":"https:\/\/krankenhauspfarramt.de\/index.php\/wp-json\/wp\/v2\/comments?post=8149"}],"version-history":[{"count":0,"href":"https:\/\/krankenhauspfarramt.de\/index.php\/wp-json\/wp\/v2\/posts\/8149\/revisions"}],"wp:attachment":[{"href":"https:\/\/krankenhauspfarramt.de\/index.php\/wp-json\/wp\/v2\/media?parent=8149"}],"wp:term":[{"taxonomy":"category","embeddable":true,"href":"https:\/\/krankenhauspfarramt.de\/index.php\/wp-json\/wp\/v2\/categories?post=8149"},{"taxonomy":"post_tag","embeddable":true,"href":"https:\/\/krankenhauspfarramt.de\/index.php\/wp-json\/wp\/v2\/tags?post=8149"}],"curies":[{"name":"wp","href":"https:\/\/api.w.org\/{rel}","templated":true}]}}