{"id":8150,"date":"2025-05-16T11:16:33","date_gmt":"2025-05-16T11:16:33","guid":{"rendered":"https:\/\/krankenhauspfarramt.de\/index.php\/2025\/05\/16\/interkulturelle-woche-feiert-50-jaehriges-bestehen-ekd\/"},"modified":"2025-05-16T11:16:35","modified_gmt":"2025-05-16T11:16:35","slug":"interkulturelle-woche-feiert-50-jaehriges-bestehen-ekd","status":"publish","type":"post","link":"https:\/\/krankenhauspfarramt.de\/index.php\/2025\/05\/16\/interkulturelle-woche-feiert-50-jaehriges-bestehen-ekd\/","title":{"rendered":"Interkulturelle Woche feiert 50-j\u00e4hriges Bestehen \u2013 EKD"},"content":{"rendered":"<p> <br \/>\n<\/p>\n<div id=\"\">\n<div class=\"article--meta article--meta__border clearfix\">\n<p>                                    <time datetime=\"16.05.2025 13:00\" class=\"article--time\">16.05.2025<\/time><\/p>\n<p>                                     <strong class=\"article--type primus--overline\">Pressemitteilung<\/strong><\/p>\n<picture class=\"article--source-image image\"><source srcset=\"https:\/\/www.ekd.de\/ekd_de\/ds_img\/assets\/20170622_ekd-Quellenlogo_141_rdax_423x118.png\"><!--<source srcset=\"\/ekd_de\/ds_img\/assets\/20170622_ekd-Quellenlogo_141_rdax_141x39.png 1x, \/ekd_de\/ds_img\/assets\/20170622_ekd-Quellenlogo_141_rdax_282x78.png 2x, https:\/\/www.ekd.de\/ekd_de\/ds_img\/assets\/20170622_ekd-Quellenlogo_141_rdax_423x118.png 3x\">--><\/p>\n<p>    <\/source><\/picture>\n<\/p><\/div>\n<h2 class=\"article--sub-headline primus--sub-headline\">Gottesdienst und Festakt in Berlin \u2013 Bisch\u00f6fin Fehrs: \u201eEine begeisternd lange Geschichte von Orten und von Menschen aller Nationen, Konfessionen und Religionen\u201c<\/h2>\n<\/p><\/div>\n<div id=\"\">\n<p>Mit einem \u00f6kumenischen Gottesdienst und einem Festakt hat die Interkulturelle Woche (IKW) heute (16. Mai 2025) in der Genezarethkirche in Berlin ihr 50-j\u00e4hriges Bestehen gefeiert. Mehr als 100 G\u00e4ste aus Kirche, Politik, Wissenschaft und von Nicht-Regierungs-Organisationen kamen zusammen, um die IKW zu w\u00fcrdigen.<\/p>\n<p>Den \u00f6kumenischen Gottesdienst leiteten die Ratsvorsitzende der Evangelischen Kirche in Deutschland (EKD), Bisch\u00f6fin Kirsten Fehrs, der Vorsitzende der Deutschen Bischofskonferenz, Bischof Dr. Georg B\u00e4tzing, und Metropolit Augoustinos von Deutschland, der Vorsitzende der Orthodoxen Bischofskonferenz.\u00a0<\/p>\n<p>Bischof B\u00e4tzing sagte in seiner Einf\u00fchrung: \u201eAls im Jahr 1975 die Evangelische Kirche in Deutschland, die Griechisch-Orthodoxe Metropolie und die Deutsche Bischofskonferenz den damals noch so genannten \u201aTag des ausl\u00e4ndischen Mitb\u00fcrgers\u2018 ins Leben riefen, konnte niemand ahnen, dass diese Initiative einmal einen Zeitraum von 50 Jahren \u00fcberdauern w\u00fcrde. Und sie hat ja nicht nur 50 Jahre \u00fcberdauert, sondern sie ist gewachsen und hat sich als Interkulturelle Woche zu einem breiten zivilgesellschaftlichen Netzwerk entwickelt. Daf\u00fcr haben wir heute allen Grund, Dank zu sagen.\u201c Bischof B\u00e4tzing betonte die Verbindung zu Gott als Sch\u00f6pfer und Vater und die Geschwisterlichkeit zwischen den Menschen: \u201eDiese Geschwisterlichkeit verbindet uns mit allen Menschen in unserem Land und in allen L\u00e4ndern der Erde. Jede Einzelne und jeden Einzelnen kennt er und hat er in sein Herz geschlossen. Und er sorgt sich um sie und uns alle wie eine gute Mutter und ein guter Vater. So motiviert uns die lebendige Beziehung mit Gott immer wieder neu zu einem respektvollen Umgang mit jedem Menschen und zu einem guten interkulturellen Miteinander.\u201c<\/p>\n<p>F\u00fcr Bisch\u00f6fin Fehrs ist die IKW \u201eeine begeisternd lange Geschichte von Orten und von Menschen aller Nationen, Konfessionen und Religionen, die entschieden friedensfindig die Gemeinsamkeit gesucht haben \u2013 und gefunden. \u00dcber alle Grenzen hinweg seit 1975 ist man konsequent aufeinander zugegangen, inspiriert von einem Geist der Verst\u00e4ndigung, der dem gegenseitig Fremden mit Neugier begegnet, um sich mit dem Unterschied zu befreunden.\u201c Auch auf das diesj\u00e4hrige IKW-Motto \u201edaf\u00fcr!\u201c ging Bisch\u00f6fin Fehrs in ihrer Predigt ein: \u201eWie genial ist das denn, dass just zum 50. genau das zum Motto erhoben wurde: \u201adaf\u00fcr!\u2018. Es gibt vieles, wogegen wir uns aufstellen m\u00fcssen \u2013 aber \u201adaf\u00fcr!\u2018 dreht die Perspektive. Und dieser Perspektivwechsel auf den Reichtum der Vielfalt hat die Interkulturelle Woche immer ausgezeichnet. Hier an diesem Ort und noch viel mehr dort, wo Sie zu Hause sind, brennen wir doch genau daf\u00fcr: f\u00fcr eine Gesellschaft, die die W\u00fcrde und das Recht jedes einzelnen Menschen, unabh\u00e4ngig von Herkunft oder Aussehen oder F\u00e4higkeiten, verteidigt.\u201c\u00a0<\/p>\n<p>Metropolit Augoustinos, der vor 50 Jahren als Weihbischof die IKW-Gr\u00fcndung mitgestaltet hat, erinnerte in seinem Sendungswort an die Ebenbildlichkeit aller Menschen mit Gott: \u201eF\u00fcr uns Christinnen und Christen ist das der Ausgangspunkt unseres interkulturellen Handelns, also auch der Interkulturellen Woche. Man hat zu Recht behauptet, dass wir das Paradies auf Erden verloren haben. Die Sehnsucht aber nach dem Paradies, das hei\u00dft nach der Verwirklichung unserer Gottesn\u00e4he und unserer \u00c4hnlichkeit mit dem Bild Gottes, lebt in uns weiter. Das ist f\u00fcr die Christinnen und Christen, gleich welcher Konfession, der wahre Ursprung und die tats\u00e4chliche Bestimmung des Menschen, das ist die Kultur, die uns alle verbindet.\u201c<\/p>\n<p>Beate Str\u00e4ter, Vorsitzende des \u00d6kumenischen Vorbereitungsausschusses zur Interkulturellen Woche, dankte in ihrer Begr\u00fc\u00dfung Bundespr\u00e4sident Frank-Walter Steinmeier und den weiteren G\u00e4sten f\u00fcr ihr Kommen: \u201eWir sehen darin ein Zeichen der Ermutigung und Anerkennung der vielen Menschen \u00fcberall in unserem Land, die sich seit langer Zeit f\u00fcr ein friedliches und gerechtes Miteinander einsetzen. Sie tun dies auch gegen wachsende Widerst\u00e4nde und das Bestreiten und Bek\u00e4mpfen der Vielfalt in unserer Gesellschaft und der Gleichheit aller hier lebender Menschen. Gerade deshalb ist auch ein \u00f6ffentliches und sichtbares Zeichen wichtig, dass wir DAF\u00dcR sind: F\u00fcr Teilhabe, f\u00fcr Gleichbehandlung, f\u00fcr die Achtung der Menschenrechte, f\u00fcr die Akzeptanz von Unterschiedlichkeit, f\u00fcr ein friedliches Zusammenleben.\u201c<\/p>\n<p><strong>Hintergrund<\/strong><br \/>Die IKW wurde 1975 auf Initiative der Kirchen ins Leben gerufen, heute finden jedes Jahr im September und Oktober rund 6.000 Veranstaltungen in \u00fcber 750 Orten im ganzen Land statt. Sie wird unterst\u00fctzt und mitgetragen von Kirchen, Kommunen, Wohlfahrtsverb\u00e4nden, Gewerkschaften, Integrationsbeir\u00e4ten und -beauftragten, Vereinen, Bildungstr\u00e4gern, Migrantenorganisationen, Religionsgemeinschaften und Initiativgruppen. Der Tag des Fl\u00fcchtlings ist Bestandteil der Aktionswoche. Die Organisierenden feiern mit ihren Veranstaltungen die vielf\u00e4ltige Gesellschaft, setzen sich ein f\u00fcr Demokratie, Menschenrechte und ein gutes Zusammenleben aller Menschen. Der vorgeschlagene Termin f\u00fcr die Interkulturelle Woche 2025 ist 21. bis 28. September. Der \u201eTag des Fl\u00fcchtlings\u201c findet am 26. September 2025 statt.<\/p>\n<p><strong>R\u00fcckfragen bitte an<\/strong><br \/>Steffen Blatt<br \/>Referent f\u00fcr \u00d6ffentlichkeitsarbeit<br \/>\u00d6kumenischer Vorbereitungsausschuss zur Interkulturellen Woche<br \/>Telefon: 069 \/ 900 196-29<br \/>E-Mail: s.blatt@interkulturellewoche.de<\/p>\n<p>Die Rede von Bundespr\u00e4sident Steinmeier kann leider nicht im Vorfeld zur Verf\u00fcgung gestellt werden. Sie wird im Nachgang des Festaktes unter www.bundespr\u00e4sident.de eingestellt.<\/p>\n<p>Das Gemeinsame Wort der Kirchen zur Interkulturellen Woche 2025 ist unter dem folgenden Link ersichtlich:\u00a0<br \/>www.interkulturellewoche.de\/gemeinsames_wort\/2025<\/p>\n<p>Die Predigt der Ratsvorsitzenden Kirsten Fehrs finden Sie unter\u00a0www.ekd.de\/predigt-fehrs-gottesdienst-50-jahre-interkulturelle-woche-90373.htm<\/p>\n<p>Hannover, 16. Mai 2025<\/p>\n<p>Pressestelle der EKD<br \/>Carsten Splitt<\/p>\n<\/div>\n","protected":false},"excerpt":{"rendered":"<p>16.05.2025 Pressemitteilung Gottesdienst und Festakt in Berlin \u2013 Bisch\u00f6fin Fehrs: \u201eEine begeisternd lange Geschichte von Orten und von Menschen aller<\/p>\n","protected":false},"author":2,"featured_media":8151,"comment_status":"closed","ping_status":"closed","sticky":false,"template":"","format":"standard","meta":{"footnotes":""},"categories":[20],"tags":[],"_links":{"self":[{"href":"https:\/\/krankenhauspfarramt.de\/index.php\/wp-json\/wp\/v2\/posts\/8150"}],"collection":[{"href":"https:\/\/krankenhauspfarramt.de\/index.php\/wp-json\/wp\/v2\/posts"}],"about":[{"href":"https:\/\/krankenhauspfarramt.de\/index.php\/wp-json\/wp\/v2\/types\/post"}],"author":[{"embeddable":true,"href":"https:\/\/krankenhauspfarramt.de\/index.php\/wp-json\/wp\/v2\/users\/2"}],"replies":[{"embeddable":true,"href":"https:\/\/krankenhauspfarramt.de\/index.php\/wp-json\/wp\/v2\/comments?post=8150"}],"version-history":[{"count":1,"href":"https:\/\/krankenhauspfarramt.de\/index.php\/wp-json\/wp\/v2\/posts\/8150\/revisions"}],"predecessor-version":[{"id":8152,"href":"https:\/\/krankenhauspfarramt.de\/index.php\/wp-json\/wp\/v2\/posts\/8150\/revisions\/8152"}],"wp:featuredmedia":[{"embeddable":true,"href":"https:\/\/krankenhauspfarramt.de\/index.php\/wp-json\/wp\/v2\/media\/8151"}],"wp:attachment":[{"href":"https:\/\/krankenhauspfarramt.de\/index.php\/wp-json\/wp\/v2\/media?parent=8150"}],"wp:term":[{"taxonomy":"category","embeddable":true,"href":"https:\/\/krankenhauspfarramt.de\/index.php\/wp-json\/wp\/v2\/categories?post=8150"},{"taxonomy":"post_tag","embeddable":true,"href":"https:\/\/krankenhauspfarramt.de\/index.php\/wp-json\/wp\/v2\/tags?post=8150"}],"curies":[{"name":"wp","href":"https:\/\/api.w.org\/{rel}","templated":true}]}}