{"id":8156,"date":"2025-05-19T09:32:30","date_gmt":"2025-05-19T09:32:30","guid":{"rendered":"https:\/\/krankenhauspfarramt.de\/index.php\/2025\/05\/19\/reformierte-verabschieden-schutzkonzept-gegen-sexualisierte-gewalt-ekd\/"},"modified":"2025-05-19T09:32:31","modified_gmt":"2025-05-19T09:32:31","slug":"reformierte-verabschieden-schutzkonzept-gegen-sexualisierte-gewalt-ekd","status":"publish","type":"post","link":"https:\/\/krankenhauspfarramt.de\/index.php\/2025\/05\/19\/reformierte-verabschieden-schutzkonzept-gegen-sexualisierte-gewalt-ekd\/","title":{"rendered":"Reformierte verabschieden Schutzkonzept gegen sexualisierte Gewalt \u2013 EKD"},"content":{"rendered":"<p> <br \/>\n<\/p>\n<div>\n<p>Emden (epd). Die Synode der Evangelisch-reformierten Kirche hat ein Schutzkonzept gegen sexualisierte Gewalt beschlossen. Das Papier gebe einen Rahmen vor, damit die Kirchengemeinden und Einrichtungen eigene Konzepte erstellen k\u00f6nnen, erl\u00e4uterte Vizepr\u00e4sident Helge Johr am Freitag vor der in Emden tagenden Gesamtsynode.<\/p>\n<\/p><\/div>\n<div id=\"\">\n<p>Das Konzept diene vor allem der Pr\u00e4vention, sagte Johr. Geregelt und erl\u00e4utert werden unter anderem Abstandsgebote, Meldepflichten und die Rolle von Pr\u00e4ventionsbeauftragten. Au\u00dferdem gebe das Papier Hilfestellungen f\u00fcr den Umgang mit Verdachtsf\u00e4llen. Weiter werde geregelt, wie F\u00e4lle sexualisierter Gewalt aufgearbeitet werden k\u00f6nnen.<\/p>\n<\/div>\n<div id=\"\">\n    <!-- Test for teaser --><br \/>\n    <!--Val: 1 --><\/p>\n<p>                    \t    <!-- SRC:  --><\/p>\n<aside class=\"article--aside quintus teaser teaser__related rs_skip rs_preserve\">\n<div class=\"teaser--article teaser--content\">\n<figure class=\"teaser--image\">\n                                                    <picture><source media=\"(max-width:935px)\" srcset=\"https:\/\/www.ekd.de\/ekd_de\/ds_img\/assets_1875_x\/20170313_reformierte_logo_1875_rdax_625x352_60s.jpg 1x, https:\/\/www.ekd.de\/ekd_de\/ds_img\/assets_1875_x\/20170313_reformierte_logo_1875_rdax_1250x704_60s.jpg 2x, https:\/\/www.ekd.de\/ekd_de\/ds_img\/assets_1875_x\/20170313_reformierte_logo_1875_rdax_60s.jpg 3x\"><source media=\"(min-width:934px)\" srcset=\"https:\/\/www.ekd.de\/ekd_de\/ds_img\/assets_1875_x\/20170313_reformierte_logo_1875_rdax_360x203_70s.jpg 1x, https:\/\/www.ekd.de\/ekd_de\/ds_img\/assets_1875_x\/20170313_reformierte_logo_1875_rdax_720x406_70s.jpg 2x, https:\/\/www.ekd.de\/ekd_de\/ds_img\/assets_1875_x\/20170313_reformierte_logo_1875_rdax_1080x608_70s.jpg 3x\"><\/source><\/source><\/picture>\n<p>\n                                                        <small class=\"teaser--image-copyright\">\u00a9<span class=\"show-for-sr\">Evangelisch-reformierte Kirche<\/span><\/small>\n                                                    <\/p><figcaption\/>\n                                                <\/figure>\n<p class=\"quintus--text teaser--text\">Die Gemeinden der Evangelisch-reformierte Kirche verteilen sich \u00fcber das ganze Bundesgebiet und befinden sich vornehmlich in Ostfriesland, dem Emsland, in der Grafschaft Bentheim sowie im \u00f6stlichen Niedersachen und in Bayern.<\/p>\n<\/p><\/div>\n<\/aside>\n<div class=\"article--content\">\n<p>Zur Evangelisch-reformierten Kirche mit Sitz in Leer geh\u00f6ren rund 151.000 Mitglieder in 136 Gemeinden zwischen Ostfriesland und dem Allg\u00e4u.<\/p>\n<\/p><\/div>\n<\/div>\n","protected":false},"excerpt":{"rendered":"<p>Emden (epd). Die Synode der Evangelisch-reformierten Kirche hat ein Schutzkonzept gegen sexualisierte Gewalt beschlossen. Das Papier gebe einen Rahmen vor,<\/p>\n","protected":false},"author":2,"featured_media":7722,"comment_status":"closed","ping_status":"closed","sticky":false,"template":"","format":"standard","meta":{"footnotes":""},"categories":[20],"tags":[],"_links":{"self":[{"href":"https:\/\/krankenhauspfarramt.de\/index.php\/wp-json\/wp\/v2\/posts\/8156"}],"collection":[{"href":"https:\/\/krankenhauspfarramt.de\/index.php\/wp-json\/wp\/v2\/posts"}],"about":[{"href":"https:\/\/krankenhauspfarramt.de\/index.php\/wp-json\/wp\/v2\/types\/post"}],"author":[{"embeddable":true,"href":"https:\/\/krankenhauspfarramt.de\/index.php\/wp-json\/wp\/v2\/users\/2"}],"replies":[{"embeddable":true,"href":"https:\/\/krankenhauspfarramt.de\/index.php\/wp-json\/wp\/v2\/comments?post=8156"}],"version-history":[{"count":1,"href":"https:\/\/krankenhauspfarramt.de\/index.php\/wp-json\/wp\/v2\/posts\/8156\/revisions"}],"predecessor-version":[{"id":8157,"href":"https:\/\/krankenhauspfarramt.de\/index.php\/wp-json\/wp\/v2\/posts\/8156\/revisions\/8157"}],"wp:featuredmedia":[{"embeddable":true,"href":"https:\/\/krankenhauspfarramt.de\/index.php\/wp-json\/wp\/v2\/media\/7722"}],"wp:attachment":[{"href":"https:\/\/krankenhauspfarramt.de\/index.php\/wp-json\/wp\/v2\/media?parent=8156"}],"wp:term":[{"taxonomy":"category","embeddable":true,"href":"https:\/\/krankenhauspfarramt.de\/index.php\/wp-json\/wp\/v2\/categories?post=8156"},{"taxonomy":"post_tag","embeddable":true,"href":"https:\/\/krankenhauspfarramt.de\/index.php\/wp-json\/wp\/v2\/tags?post=8156"}],"curies":[{"name":"wp","href":"https:\/\/api.w.org\/{rel}","templated":true}]}}