{"id":8161,"date":"2025-05-19T17:42:32","date_gmt":"2025-05-19T17:42:32","guid":{"rendered":"https:\/\/krankenhauspfarramt.de\/index.php\/2025\/05\/19\/atomare-abschreckung-kritisiert-ekd\/"},"modified":"2025-05-19T17:42:33","modified_gmt":"2025-05-19T17:42:33","slug":"atomare-abschreckung-kritisiert-ekd","status":"publish","type":"post","link":"https:\/\/krankenhauspfarramt.de\/index.php\/2025\/05\/19\/atomare-abschreckung-kritisiert-ekd\/","title":{"rendered":"Atomare Abschreckung kritisiert \u2013 EKD"},"content":{"rendered":"<p> <br \/>\n<\/p>\n<div>\n<p>\u201eAufgrund der geopolitischen Weltlage kann zwar auf milit\u00e4rische Verteidigung nicht verzichtet werden\u201c, sagte der Speyerer Weihbischof Otto Georgens. \u201eDar\u00fcber hinaus ist die Bundesregierung gut beraten, innerhalb der Nato einen Prozess anzusto\u00dfen, der M\u00f6glichkeiten auslotet, wie die notwendige Abschreckung ohne Nuklearwaffen gew\u00e4hrleistet werden kann.\u201c Die Kirchen sollten sich aktiv in den Diskurs um Atomwaffen einbringen.<\/p>\n<p>Der Weihbischof warnte zugleich vor Blau\u00e4ugigkeit mit Blick auf eine gewaltfreie Zukunft. Die vorrangige Option f\u00fcr Gewaltfreiheit schlie\u00dfe nicht aus, dass milit\u00e4rische Gewalt legitim sein k\u00f6nne &#8211; auch im Dienst des Friedens. Milit\u00e4rische Gewalt sei jedoch nur in der Form von Gegengewalt zu rechtfertigen, \u201eetwa in Situationen der Notwehr oder zum Schutz der Opfer schwerster Menschenrechtsverletzungen\u201c.<\/p>\n<p>Der kirchliche Aktionstag wird seit 2017 von einer Projektgruppe organisiert, der Christinnen und Christen aus evangelischen Landeskirchen sowie der katholischen Friedensbewegung pax christi angeh\u00f6ren. Der nunmehr achte Aktionstag ist der letzte in dieser Form. Die Projektgruppe will danach besprechen, wie ein kirchlicher Protest gegen Atomwaffen in Deutschland k\u00fcnftig aussehen soll.<\/p>\n<\/p><\/div>\n","protected":false},"excerpt":{"rendered":"<p>\u201eAufgrund der geopolitischen Weltlage kann zwar auf milit\u00e4rische Verteidigung nicht verzichtet werden\u201c, sagte der Speyerer Weihbischof Otto Georgens. \u201eDar\u00fcber hinaus<\/p>\n","protected":false},"author":2,"featured_media":8162,"comment_status":"closed","ping_status":"closed","sticky":false,"template":"","format":"standard","meta":{"footnotes":""},"categories":[20],"tags":[],"_links":{"self":[{"href":"https:\/\/krankenhauspfarramt.de\/index.php\/wp-json\/wp\/v2\/posts\/8161"}],"collection":[{"href":"https:\/\/krankenhauspfarramt.de\/index.php\/wp-json\/wp\/v2\/posts"}],"about":[{"href":"https:\/\/krankenhauspfarramt.de\/index.php\/wp-json\/wp\/v2\/types\/post"}],"author":[{"embeddable":true,"href":"https:\/\/krankenhauspfarramt.de\/index.php\/wp-json\/wp\/v2\/users\/2"}],"replies":[{"embeddable":true,"href":"https:\/\/krankenhauspfarramt.de\/index.php\/wp-json\/wp\/v2\/comments?post=8161"}],"version-history":[{"count":1,"href":"https:\/\/krankenhauspfarramt.de\/index.php\/wp-json\/wp\/v2\/posts\/8161\/revisions"}],"predecessor-version":[{"id":8163,"href":"https:\/\/krankenhauspfarramt.de\/index.php\/wp-json\/wp\/v2\/posts\/8161\/revisions\/8163"}],"wp:featuredmedia":[{"embeddable":true,"href":"https:\/\/krankenhauspfarramt.de\/index.php\/wp-json\/wp\/v2\/media\/8162"}],"wp:attachment":[{"href":"https:\/\/krankenhauspfarramt.de\/index.php\/wp-json\/wp\/v2\/media?parent=8161"}],"wp:term":[{"taxonomy":"category","embeddable":true,"href":"https:\/\/krankenhauspfarramt.de\/index.php\/wp-json\/wp\/v2\/categories?post=8161"},{"taxonomy":"post_tag","embeddable":true,"href":"https:\/\/krankenhauspfarramt.de\/index.php\/wp-json\/wp\/v2\/tags?post=8161"}],"curies":[{"name":"wp","href":"https:\/\/api.w.org\/{rel}","templated":true}]}}