{"id":8164,"date":"2025-05-21T09:39:52","date_gmt":"2025-05-21T09:39:52","guid":{"rendered":"https:\/\/krankenhauspfarramt.de\/index.php\/2025\/05\/21\/ansteckende-aufbruchsstimmung-im-vatikan-ekd\/"},"modified":"2025-05-21T09:39:53","modified_gmt":"2025-05-21T09:39:53","slug":"ansteckende-aufbruchsstimmung-im-vatikan-ekd","status":"publish","type":"post","link":"https:\/\/krankenhauspfarramt.de\/index.php\/2025\/05\/21\/ansteckende-aufbruchsstimmung-im-vatikan-ekd\/","title":{"rendered":"\u201eAnsteckende Aufbruchsstimmung\u201c im Vatikan \u2013 EKD"},"content":{"rendered":"<p> <br \/>\n<\/p>\n<div id=\"\">\n<div class=\"article--meta article--meta__border clearfix\">\n<p>                                    <time datetime=\"21.05.2025 08:00\" class=\"article--time\">21.05.2025<\/time><\/p>\n<p>                                     <strong class=\"article--type primus--overline\">Pressemitteilung<\/strong><\/p>\n<picture class=\"article--source-image image\"><source srcset=\"https:\/\/www.ekd.de\/ekd_de\/ds_img\/assets\/velkd.jpg\"><!--<source srcset=\"\/ekd_de\/ds_img\/assets\/velkd_rdax_141x141s.jpg 1x, \/ekd_de\/ds_img\/assets\/velkd_rdax_282x282s.jpg 2x, https:\/\/www.ekd.de\/ekd_de\/ds_img\/assets\/velkd.jpg 3x\">--><\/p>\n<p>    <\/source><\/picture>\n<\/p><\/div>\n<h2 class=\"article--sub-headline primus--sub-headline\">Delegation des DNK\/LWB und der VELKD besucht Rom<\/h2>\n<\/p><\/div>\n<div id=\"\">\n<p>Kurz nach der Wahl und der Amtseinf\u00fchrung von Papst Leo XIV. reiste die Vorsitzende des DNK\/LWB, Landesbisch\u00f6fin Kristina K\u00fchnbaum-Schmidt, gemeinsam mit dem Catholica-Beauftragten der VELKD, Landesbischof Christian Kopp, zu Gespr\u00e4chen in die Ewige Stadt. Im Mittelpunkt standen Hintergrundgespr\u00e4che zur r\u00f6misch-katholischen Kirche und der \u00d6kumene.<\/p>\n<p>\u201eGro\u00dfe Hoffnungen und Erwartungen sind verbunden mit dem Pontifikat von Papst Leo XIV. \u2013 das wurde bei unseren \u00f6kumenischen Gespr\u00e4chen und Begegnungen in Rom immer wieder deutlich\u201c, so K\u00fchnbaum-Schmidt. \u201eBesondere Freude hat dabei ausgel\u00f6st, dass der Papst es zu seinen Priorit\u00e4ten z\u00e4hlt, f\u00fcr die volle und sichtbare Einheit aller Geschwister im Glauben an den dreieinigen Gott zu arbeiten.\u201c<\/p>\n<p>\u201eSeine klare Ausrichtung an Christus, den eindringlichen Ruf nach Frieden und die weitere Orientierung an dem Weg der Synodalit\u00e4t erleben wir als Teil der lutherischen Weltgemeinschaft in Deutschland als sehr ermutigend\u201c, so die Landesbisch\u00f6fin der Nordkirche weiter.<\/p>\n<p>\u201eDeutlich zu sp\u00fcren war eine ansteckende Aufbruchsstimmung, von der wir hoffen, dass sie auch die \u00f6kumenischen Beziehungen erfasst\u201c, sagte Kopp, der gleichzeitig als \u00d6kumene-Beauftragter der EKD fungiert. \u201eDer vertrauensvolle Dialog mit unseren r\u00f6misch-katholischen Glaubensgeschwistern ist uns ein wichtiges Anliegen auf dem Weg zu einer vielf\u00e4ltigen Gemeinschaft im Geist Jesu Christi.\u201c<\/p>\n<p>Die Begegnungsreise setzt eine regelm\u00e4\u00dfige Reihe \u00f6kumenischer Treffen fort und st\u00e4rkt den Kontakt zwischen den deutschen lutherischen Kirchen und der r\u00f6misch-katholischen Kirche. Die VELKD tr\u00e4gt f\u00fcr ihre Gliedkirchen besondere Verantwortung f\u00fcr den Dialog mit der r\u00f6misch-katholischen Kirche innerhalb Deutschlands. Das DNK\/LWB verbindet diese Aufgabe mit den Dialogen des LWB und dem Vatikan auf Weltebene.<\/p>\n<p>W\u00e4hrend der zweit\u00e4gigen Reise fanden Treffen mit Vertretern der Deutschen Botschaft am Heiligen Stuhl, der Gemeinschaft Sant\u2019Egidio, dem Leiter der p\u00e4pstlichen liturgiewissenschaftlichen Hochschule<\/p>\n<p>Sant\u2019Anselmo sowie der r\u00f6mischen Gemeinde der Evangelisch-Lutherischen Kirche in Italien \u2013 in direkter Nachbarschaft zum Vatikan \u2013 statt. Die leitenden Geistlichen wurden begleitet von der Gesch\u00e4ftsf\u00fchrerin des DNK\/LWB, Astrid Kleist, und dem Amtsbereichsleiter der VELKD, Stephan Schaede.<\/p>\n<p>Die Delegation tauschte sich in Rom auch mit der LWB-Generalsekret\u00e4rin Anne Burghardt und dem Assistierenden Generalsekret\u00e4r des LWB f\u00fcr \u00f6kumenische Beziehungen, Dirk Lange, aus, die am Sonntag an der Amtseinf\u00fchrung von Papst Leo XIV. teilgenommen haben.<\/p>\n<p>Hannover, 20. Mai 2025<\/p>\n<p>Pressestelle der VELKD<br \/>Frank Hofmann<br \/>Pressesprecher<br \/>\u00a0<\/p>\n<p>Pressestelle des DNK\/LWB<br \/>Astrid Weyerm\u00fcller<br \/>Referentin f\u00fcr \u00d6ffentlichkeitsarbeit<\/p>\n<\/div>\n","protected":false},"excerpt":{"rendered":"<p>21.05.2025 Pressemitteilung Delegation des DNK\/LWB und der VELKD besucht Rom Kurz nach der Wahl und der Amtseinf\u00fchrung von Papst Leo<\/p>\n","protected":false},"author":2,"featured_media":7504,"comment_status":"closed","ping_status":"closed","sticky":false,"template":"","format":"standard","meta":{"footnotes":""},"categories":[20],"tags":[],"_links":{"self":[{"href":"https:\/\/krankenhauspfarramt.de\/index.php\/wp-json\/wp\/v2\/posts\/8164"}],"collection":[{"href":"https:\/\/krankenhauspfarramt.de\/index.php\/wp-json\/wp\/v2\/posts"}],"about":[{"href":"https:\/\/krankenhauspfarramt.de\/index.php\/wp-json\/wp\/v2\/types\/post"}],"author":[{"embeddable":true,"href":"https:\/\/krankenhauspfarramt.de\/index.php\/wp-json\/wp\/v2\/users\/2"}],"replies":[{"embeddable":true,"href":"https:\/\/krankenhauspfarramt.de\/index.php\/wp-json\/wp\/v2\/comments?post=8164"}],"version-history":[{"count":1,"href":"https:\/\/krankenhauspfarramt.de\/index.php\/wp-json\/wp\/v2\/posts\/8164\/revisions"}],"predecessor-version":[{"id":8165,"href":"https:\/\/krankenhauspfarramt.de\/index.php\/wp-json\/wp\/v2\/posts\/8164\/revisions\/8165"}],"wp:featuredmedia":[{"embeddable":true,"href":"https:\/\/krankenhauspfarramt.de\/index.php\/wp-json\/wp\/v2\/media\/7504"}],"wp:attachment":[{"href":"https:\/\/krankenhauspfarramt.de\/index.php\/wp-json\/wp\/v2\/media?parent=8164"}],"wp:term":[{"taxonomy":"category","embeddable":true,"href":"https:\/\/krankenhauspfarramt.de\/index.php\/wp-json\/wp\/v2\/categories?post=8164"},{"taxonomy":"post_tag","embeddable":true,"href":"https:\/\/krankenhauspfarramt.de\/index.php\/wp-json\/wp\/v2\/tags?post=8164"}],"curies":[{"name":"wp","href":"https:\/\/api.w.org\/{rel}","templated":true}]}}