{"id":8169,"date":"2025-05-22T09:59:33","date_gmt":"2025-05-22T09:59:33","guid":{"rendered":"https:\/\/krankenhauspfarramt.de\/index.php\/2025\/05\/22\/kirche-des-jahres-2025-steht-in-sachsen-anhalt-ekd\/"},"modified":"2025-05-22T09:59:35","modified_gmt":"2025-05-22T09:59:35","slug":"kirche-des-jahres-2025-steht-in-sachsen-anhalt-ekd","status":"publish","type":"post","link":"https:\/\/krankenhauspfarramt.de\/index.php\/2025\/05\/22\/kirche-des-jahres-2025-steht-in-sachsen-anhalt-ekd\/","title":{"rendered":"\u201eKirche des Jahres 2025\u201c steht in Sachsen-Anhalt \u2013 EKD"},"content":{"rendered":"<p> <br \/>\n<\/p>\n<div id=\"\">\n<div class=\"article--meta article--meta__border clearfix\">\n<p>                                    <time datetime=\"22.05.2025 08:00\" class=\"article--time\">22.05.2025<\/time><\/p>\n<p>                                     <strong class=\"article--type primus--overline\">Pressemitteilung<\/strong><\/p>\n<picture class=\"article--source-image image\"><source srcset=\"https:\/\/www.ekd.de\/ekd_de\/ds_img\/assets\/20170622_ekd-Quellenlogo_141_rdax_423x118.png\"><!--<source srcset=\"\/ekd_de\/ds_img\/assets\/20170622_ekd-Quellenlogo_141_rdax_141x39.png 1x, \/ekd_de\/ds_img\/assets\/20170622_ekd-Quellenlogo_141_rdax_282x78.png 2x, https:\/\/www.ekd.de\/ekd_de\/ds_img\/assets\/20170622_ekd-Quellenlogo_141_rdax_423x118.png 3x\">--><\/p>\n<p>    <\/source><\/picture>\n<\/p><\/div>\n<h2 class=\"article--sub-headline primus--sub-headline\">Dorfkirche Deetz punktet mit gro\u00dfem Engagement<\/h2>\n<\/p><\/div>\n<div id=\"\">\n<p>Die Dorfkirche in Deetz ist die \u201eKirche des Jahres 2025\u201c der Stiftung zur Bewahrung kirchlicher Baudenkm\u00e4ler in Deutschland (Stiftung KiBa). 794 Stimmen entfielen auf das aus dem 13. Jahrhundert stammende Geb\u00e4ude, dessen Sanierung die von der Evangelischen Kirche in Deutschland (EKD) gegr\u00fcndete Stiftung mit 10.000 Euro unterst\u00fctzt. Platz zwei im Wettbewerb (649 Stimmen) errang die Dorfkirche im mecklenburgischen Karrenzin, knapp vor der drittplatzierten St.-Urban-Kirche in Beyernaumburg in Sachsen-Anhalt (638 Stimmen). Abstimmen konnten alle Interessierten \u2013 per Anruf, E-Mail, online oder per Postkarte. Insgesamt wurden mehr als 4.600 Voten im Rahmen des undotierten Publikumspreises abgegeben.<\/p>\n<p>Deetz ist ein Ortsteil der Stadt Bismark im Landkreis Stendal (Sachsen-Anhalt). Die sp\u00e4tromanische Dorfkirche wurde aus Feldsteinen erbaut; der Kirchturm am Westgiebel kam im 19. Jahrhundert hinzu. Sanierungsbed\u00fcrftig ist der Innenraum des Gotteshauses, zu dessen Ausstattung ein fein geschnitztes Altarretabel mit gro\u00dfem Kruzifix sowie ein massiver Taufstein geh\u00f6ren. \u201eDas Engagement der Menschen in Deetz f\u00fcr die Renovierung ihrer Kirche war von Anfang an au\u00dferordentlich\u201c, sagt KiBa-Gesch\u00e4ftsf\u00fchrerin Catharina Hasenclever. \u201eEs freut mich, dass dieser Einsatz mit dem Sieg im Wettbewerb belohnt wird.\u201c<\/p>\n<p>Die zweitplatzierte Fachwerkkirche in Karrenzin stammt aus dem Jahr 1721 und ist auch f\u00fcr Konzerte, Lesungen und andere Veranstaltungen gut ausgestattet. F\u00fcr die Instandsetzung der D\u00e4cher von Kirchenschiff und Turm und von Fassade und Fachwerk des Turms hat die KiBa ebenfalls 10.000 Euro zur Verf\u00fcgung gestellt. Die St.-Urban-Kirche in Beyernaumburg ist bereits zwei Mal gef\u00f6rdert worden: In den Jahren 2021 und 2024 beteiligte sich die Stiftung mit insgesamt 25.000 Euro an den Kosten f\u00fcr die Restaurierung der einschiffigen Kreuzkirche.<\/p>\n<p>Bei der Abstimmung \u00fcber die \u201eKirche des Jahres 2025\u201c standen insgesamt zw\u00f6lf Gottesh\u00e4user zur Wahl, die die Stiftung KiBa im vergangenen Jahr als \u201eKirchen des Monats\u201c ausgew\u00e4hlt hatte. Mehr Informationen zum Wettbewerb und zu den platzierten Kirchen: www.kirchedesjahres.de<\/p>\n<p>Die Stiftung zur Bewahrung kirchlicher Baudenkm\u00e4ler in Deutschland (Stiftung KiBa) ist eine Stiftung der EKD und der evangelischen Landeskirchen. Seit 1999 hat sie Zusagen f\u00fcr Sanierungsvorhaben in H\u00f6he von mehr als 40 Millionen Euro erteilt. F\u00fcr dieses Jahr hat die Stiftung KiBa bislang F\u00f6rderzusagen von rund 1,18 Millionen Euro vorgesehen. Rund 3.600 Mitglieder engagieren sich bundesweit im \u201eF\u00f6rderverein der Stiftung KiBa e. V.\u201c Weitere Informationen unter www.stiftung-kiba.de.<\/p>\n<p>Hannover, 22. Mai 2025<\/p>\n<p>Pressestelle der EKD<\/p>\n<\/div>\n","protected":false},"excerpt":{"rendered":"<p>22.05.2025 Pressemitteilung Dorfkirche Deetz punktet mit gro\u00dfem Engagement Die Dorfkirche in Deetz ist die \u201eKirche des Jahres 2025\u201c der Stiftung<\/p>\n","protected":false},"author":2,"featured_media":8170,"comment_status":"closed","ping_status":"closed","sticky":false,"template":"","format":"standard","meta":{"footnotes":""},"categories":[20],"tags":[],"_links":{"self":[{"href":"https:\/\/krankenhauspfarramt.de\/index.php\/wp-json\/wp\/v2\/posts\/8169"}],"collection":[{"href":"https:\/\/krankenhauspfarramt.de\/index.php\/wp-json\/wp\/v2\/posts"}],"about":[{"href":"https:\/\/krankenhauspfarramt.de\/index.php\/wp-json\/wp\/v2\/types\/post"}],"author":[{"embeddable":true,"href":"https:\/\/krankenhauspfarramt.de\/index.php\/wp-json\/wp\/v2\/users\/2"}],"replies":[{"embeddable":true,"href":"https:\/\/krankenhauspfarramt.de\/index.php\/wp-json\/wp\/v2\/comments?post=8169"}],"version-history":[{"count":1,"href":"https:\/\/krankenhauspfarramt.de\/index.php\/wp-json\/wp\/v2\/posts\/8169\/revisions"}],"predecessor-version":[{"id":8171,"href":"https:\/\/krankenhauspfarramt.de\/index.php\/wp-json\/wp\/v2\/posts\/8169\/revisions\/8171"}],"wp:featuredmedia":[{"embeddable":true,"href":"https:\/\/krankenhauspfarramt.de\/index.php\/wp-json\/wp\/v2\/media\/8170"}],"wp:attachment":[{"href":"https:\/\/krankenhauspfarramt.de\/index.php\/wp-json\/wp\/v2\/media?parent=8169"}],"wp:term":[{"taxonomy":"category","embeddable":true,"href":"https:\/\/krankenhauspfarramt.de\/index.php\/wp-json\/wp\/v2\/categories?post=8169"},{"taxonomy":"post_tag","embeddable":true,"href":"https:\/\/krankenhauspfarramt.de\/index.php\/wp-json\/wp\/v2\/tags?post=8169"}],"curies":[{"name":"wp","href":"https:\/\/api.w.org\/{rel}","templated":true}]}}