{"id":8172,"date":"2025-05-22T10:32:31","date_gmt":"2025-05-22T10:32:31","guid":{"rendered":"https:\/\/krankenhauspfarramt.de\/index.php\/2025\/05\/22\/bernd-kuschnerus-bleibt-leitender-theologe-der-bremischen-kirche-ekd\/"},"modified":"2025-05-22T10:32:32","modified_gmt":"2025-05-22T10:32:32","slug":"bernd-kuschnerus-bleibt-leitender-theologe-der-bremischen-kirche-ekd","status":"publish","type":"post","link":"https:\/\/krankenhauspfarramt.de\/index.php\/2025\/05\/22\/bernd-kuschnerus-bleibt-leitender-theologe-der-bremischen-kirche-ekd\/","title":{"rendered":"Bernd Kuschnerus bleibt leitender Theologe der bremischen Kirche \u2013 EKD"},"content":{"rendered":"<p> <br \/>\n<\/p>\n<div>\n<p>Als Nachfolgerin f\u00fcr die aus Altersgr\u00fcnden ausscheidende ehrenamtliche Kirchenpr\u00e4sidentin Edda Bosse wurde Maria Esfandiari (32) gew\u00e4hlt. Damit leitet die Kirche auf dieser Position, die k\u00fcnftig den Titel Pr\u00e4ses tr\u00e4gt, einen Generationenwechsel ein. Als Stellvertreter wurden Martin Franzius und Oliver Gampper gew\u00e4hlt. Sie bilden zusammen mit Kirchenpr\u00e4sident Bernd Kuschnerus und dem Chef der Kirchenverwaltung, Peter Schultz, den Vorstand des leitenden Kirchenausschusses.<\/p>\n<p>Die neue Kirchenleitung soll am 20. Juni offiziell eingef\u00fchrt werden. Das Parlament der Kirche, dem mehr als 100 Delegierte angeh\u00f6ren, hei\u00dft in Bremen \u201eKirchentag\u201c. Eine Legislaturperiode dauert sechs Jahre. Zur Bremischen Evangelischen Kirche geh\u00f6ren rund 150.000 Mitglieder in 50 Gemeinden. Es ist die einzige Landeskirche Deutschlands, die nur st\u00e4dtisches Gebiet umfasst.<\/p>\n<p>Die Amtsbezeichnungen von leitenden Geistlichen in evangelischen Landeskirchen wie Bischof, Pr\u00e4ses oder Kirchenpr\u00e4sident gehen auf unterschiedliche theologische und historische Entwicklungen zur\u00fcck. Die 20 selbstst\u00e4ndigen Landeskirchen innerhalb der Evangelischen Kirche in Deutschland (EKD) haben jeweils eigene Kirchenordnungen und sind konfessionell unterschiedlich gepr\u00e4gt, also eher lutherisch, refomiert oder uniert.<\/p>\n<\/p><\/div>\n","protected":false},"excerpt":{"rendered":"<p>Als Nachfolgerin f\u00fcr die aus Altersgr\u00fcnden ausscheidende ehrenamtliche Kirchenpr\u00e4sidentin Edda Bosse wurde Maria Esfandiari (32) gew\u00e4hlt. Damit leitet die Kirche<\/p>\n","protected":false},"author":2,"featured_media":8173,"comment_status":"closed","ping_status":"closed","sticky":false,"template":"","format":"standard","meta":{"footnotes":""},"categories":[20],"tags":[],"_links":{"self":[{"href":"https:\/\/krankenhauspfarramt.de\/index.php\/wp-json\/wp\/v2\/posts\/8172"}],"collection":[{"href":"https:\/\/krankenhauspfarramt.de\/index.php\/wp-json\/wp\/v2\/posts"}],"about":[{"href":"https:\/\/krankenhauspfarramt.de\/index.php\/wp-json\/wp\/v2\/types\/post"}],"author":[{"embeddable":true,"href":"https:\/\/krankenhauspfarramt.de\/index.php\/wp-json\/wp\/v2\/users\/2"}],"replies":[{"embeddable":true,"href":"https:\/\/krankenhauspfarramt.de\/index.php\/wp-json\/wp\/v2\/comments?post=8172"}],"version-history":[{"count":1,"href":"https:\/\/krankenhauspfarramt.de\/index.php\/wp-json\/wp\/v2\/posts\/8172\/revisions"}],"predecessor-version":[{"id":8174,"href":"https:\/\/krankenhauspfarramt.de\/index.php\/wp-json\/wp\/v2\/posts\/8172\/revisions\/8174"}],"wp:featuredmedia":[{"embeddable":true,"href":"https:\/\/krankenhauspfarramt.de\/index.php\/wp-json\/wp\/v2\/media\/8173"}],"wp:attachment":[{"href":"https:\/\/krankenhauspfarramt.de\/index.php\/wp-json\/wp\/v2\/media?parent=8172"}],"wp:term":[{"taxonomy":"category","embeddable":true,"href":"https:\/\/krankenhauspfarramt.de\/index.php\/wp-json\/wp\/v2\/categories?post=8172"},{"taxonomy":"post_tag","embeddable":true,"href":"https:\/\/krankenhauspfarramt.de\/index.php\/wp-json\/wp\/v2\/tags?post=8172"}],"curies":[{"name":"wp","href":"https:\/\/api.w.org\/{rel}","templated":true}]}}